{"id":5928,"date":"2023-07-19T20:01:42","date_gmt":"2023-07-19T20:01:42","guid":{"rendered":"https:\/\/rhp.solothurn-treuhand.ch\/?p=5928"},"modified":"2024-08-09T20:02:12","modified_gmt":"2024-08-09T20:02:12","slug":"grenzgaengerabkommen-mit-italien-ist-in-kraft-getreten","status":"publish","type":"post","link":"https:\/\/www.rh-partner.ch\/de\/steuern\/grenzgaengerabkommen-mit-italien-ist-in-kraft-getreten\/","title":{"rendered":"Grenzg\u00e4ngerabkommen mit Italien ist in Kraft getreten"},"content":{"rendered":"<p><strong>Das Abkommen \u00fcber die Besteuerung der Grenzg\u00e4ngerinnen und Grenzg\u00e4nger sowie ein \u00c4nderungsprotokoll zum Doppelbesteuerungsabkommen zwischen der Schweiz und Italien sind am 17. Juli 2023 in Kraft getreten. Die neuen Bestimmungen sind ab dem 1. Januar 2024 anwendbar. Das neue Grenzg\u00e4ngerabkommen ersetzt die bisherige Vereinbarung aus dem Jahr 1974. Es verbessert die aktuelle Regelung der Besteuerung von Grenzg\u00e4ngerinnen und Grenzg\u00e4ngern deutlich und tr\u00e4gt zum Erhalt der guten bilateralen Beziehungen zwischen den beiden L\u00e4ndern bei.<\/strong><\/p>\n<p>Mit dem neuen Abkommen beh\u00e4lt die Schweiz 80 Prozent der regul\u00e4ren Quellensteuer auf dem Einkommen von Grenzg\u00e4ngerinnen und Grenzg\u00e4ngern, die neu in der Schweiz arbeiten. Die neuen Grenzg\u00e4ngerinnen und Grenzg\u00e4nger werden auch in Italien ordentlich besteuert, wobei eine Doppelbesteuerung vermieden wird. Als \u00abneue\u00bb Grenzg\u00e4ngerinnen beziehungsweise Grenzg\u00e4nger gelten Personen, die ab dem 17. Juli 2023 in den Arbeitsmarkt eintreten.<\/p>\n<p>F\u00fcr Grenzg\u00e4ngerinnen und Grenzg\u00e4nger, die zwischen dem 31. Dezember 2018 und dem 17. Juli 2023 in den Kantonen Graub\u00fcnden, Tessin oder Wallis arbeiten oder gearbeitet haben, gilt eine \u00dcbergangsregelung. Diese Personen werden weiterhin ausschliesslich in der Schweiz besteuert, wobei die Schweiz den italienischen Grenzgemeinden bis zum Ende des Steuerjahres 2033 einen finanziellen Ausgleich in der H\u00f6he von 40 Prozent der in der Schweiz erhobenen Quellensteuer entrichtet.<\/p>\n<p>Als Folge des Inkrafttretens des Grenzg\u00e4ngerabkommens hat das Eidgen\u00f6ssische Finanzdepartement (EFD) die Verordnung \u00fcber die Quellensteuer bei der direkten Bundessteuer in Bezug auf die Besteuerung von Grenzg\u00e4ngerinnen und Grenzg\u00e4nger aus Italien angepasst. Die \u00c4nderungen treten per 1. Januar 2024 in Kraft.<\/p>\n<p><em>Quelle:\u00a0<a href=\"https:\/\/www.admin.ch\/gov\/de\/start\/dokumentation\/medienmitteilungen.msg-id-96751.html\" target=\"_blank\" rel=\"noopener noreferrer\">Der Bundesrat<\/a><\/em><\/p>\n<p><em>F\u00fcr die Aktualit\u00e4t und Vollst\u00e4ndigkeit kann keine Gew\u00e4hr \u00fcbernommen werden.<\/em><\/p>\n","protected":false},"excerpt":{"rendered":"<p>Das Abkommen \u00fcber die Besteuerung der Grenzg\u00e4ngerinnen und Grenzg\u00e4nger sowie ein \u00c4nderungsprotokoll zum Doppelbesteuerungsabkommen zwischen der Schweiz und Italien sind am 17. Juli 2023 in Kraft getreten. Die neuen Bestimmungen sind ab dem 1. Januar 2024 anwendbar. Das neue Grenzg\u00e4ngerabkommen ersetzt die bisherige Vereinbarung aus dem Jahr 1974. Es verbessert die aktuelle Regelung der Besteuerung&#8230;<\/p>\n","protected":false},"author":3,"featured_media":0,"comment_status":"closed","ping_status":"closed","sticky":false,"template":"","format":"standard","meta":{"footnotes":""},"categories":[26,23],"tags":[],"class_list":["post-5928","post","type-post","status-publish","format-standard","hentry","category-solothun","category-steuern"],"yoast_head":"<!-- This site is optimized with the Yoast SEO plugin v23.7 - https:\/\/yoast.com\/wordpress\/plugins\/seo\/ -->\n<title>Grenzg\u00e4ngerabkommen mit Italien ist in Kraft getreten - RHP R\u00fcfenacht Heer Partner<\/title>\n<meta name=\"robots\" content=\"index, follow, max-snippet:-1, max-image-preview:large, max-video-preview:-1\" \/>\n<link rel=\"canonical\" href=\"https:\/\/www.rh-partner.ch\/de\/steuern\/grenzgaengerabkommen-mit-italien-ist-in-kraft-getreten\/\" \/>\n<meta property=\"og:locale\" content=\"de_DE\" \/>\n<meta property=\"og:type\" content=\"article\" \/>\n<meta property=\"og:title\" content=\"Grenzg\u00e4ngerabkommen mit Italien ist in Kraft getreten - RHP R\u00fcfenacht Heer Partner\" \/>\n<meta property=\"og:description\" content=\"Das Abkommen \u00fcber die Besteuerung der Grenzg\u00e4ngerinnen und Grenzg\u00e4nger sowie ein \u00c4nderungsprotokoll zum Doppelbesteuerungsabkommen zwischen der Schweiz und Italien sind am 17. Juli 2023 in Kraft getreten. Die neuen Bestimmungen sind ab dem 1. Januar 2024 anwendbar. Das neue Grenzg\u00e4ngerabkommen ersetzt die bisherige Vereinbarung aus dem Jahr 1974. Es verbessert die aktuelle Regelung der Besteuerung...\" \/>\n<meta property=\"og:url\" content=\"https:\/\/www.rh-partner.ch\/de\/steuern\/grenzgaengerabkommen-mit-italien-ist-in-kraft-getreten\/\" \/>\n<meta property=\"og:site_name\" content=\"RHP R\u00fcfenacht Heer Partner\" \/>\n<meta property=\"article:published_time\" content=\"2023-07-19T20:01:42+00:00\" \/>\n<meta property=\"article:modified_time\" content=\"2024-08-09T20:02:12+00:00\" \/>\n<meta name=\"author\" content=\"Mark R\u00fcfenacht\" \/>\n<meta name=\"twitter:card\" content=\"summary_large_image\" \/>\n<meta name=\"twitter:label1\" content=\"Verfasst von\" \/>\n\t<meta name=\"twitter:data1\" content=\"Mark R\u00fcfenacht\" \/>\n\t<meta name=\"twitter:label2\" content=\"Gesch\u00e4tzte Lesezeit\" \/>\n\t<meta name=\"twitter:data2\" content=\"1\u00a0Minute\" \/>\n<script type=\"application\/ld+json\" class=\"yoast-schema-graph\">{\"@context\":\"https:\/\/schema.org\",\"@graph\":[{\"@type\":\"Article\",\"@id\":\"https:\/\/www.rh-partner.ch\/de\/steuern\/grenzgaengerabkommen-mit-italien-ist-in-kraft-getreten\/#article\",\"isPartOf\":{\"@id\":\"https:\/\/www.rh-partner.ch\/de\/steuern\/grenzgaengerabkommen-mit-italien-ist-in-kraft-getreten\/\"},\"author\":{\"name\":\"Mark R\u00fcfenacht\",\"@id\":\"https:\/\/www.rh-partner.ch\/de\/#\/schema\/person\/d3db3cacaedd3be700e935280bd993aa\"},\"headline\":\"Grenzg\u00e4ngerabkommen mit Italien ist in Kraft getreten\",\"datePublished\":\"2023-07-19T20:01:42+00:00\",\"dateModified\":\"2024-08-09T20:02:12+00:00\",\"mainEntityOfPage\":{\"@id\":\"https:\/\/www.rh-partner.ch\/de\/steuern\/grenzgaengerabkommen-mit-italien-ist-in-kraft-getreten\/\"},\"wordCount\":271,\"publisher\":{\"@id\":\"https:\/\/www.rh-partner.ch\/de\/#organization\"},\"articleSection\":[\"Solothurn\",\"Steuern und Recht\"],\"inLanguage\":\"de\"},{\"@type\":\"WebPage\",\"@id\":\"https:\/\/www.rh-partner.ch\/de\/steuern\/grenzgaengerabkommen-mit-italien-ist-in-kraft-getreten\/\",\"url\":\"https:\/\/www.rh-partner.ch\/de\/steuern\/grenzgaengerabkommen-mit-italien-ist-in-kraft-getreten\/\",\"name\":\"Grenzg\u00e4ngerabkommen mit Italien ist in Kraft getreten - RHP R\u00fcfenacht Heer Partner\",\"isPartOf\":{\"@id\":\"https:\/\/www.rh-partner.ch\/de\/#website\"},\"datePublished\":\"2023-07-19T20:01:42+00:00\",\"dateModified\":\"2024-08-09T20:02:12+00:00\",\"breadcrumb\":{\"@id\":\"https:\/\/www.rh-partner.ch\/de\/steuern\/grenzgaengerabkommen-mit-italien-ist-in-kraft-getreten\/#breadcrumb\"},\"inLanguage\":\"de\",\"potentialAction\":[{\"@type\":\"ReadAction\",\"target\":[\"https:\/\/www.rh-partner.ch\/de\/steuern\/grenzgaengerabkommen-mit-italien-ist-in-kraft-getreten\/\"]}]},{\"@type\":\"BreadcrumbList\",\"@id\":\"https:\/\/www.rh-partner.ch\/de\/steuern\/grenzgaengerabkommen-mit-italien-ist-in-kraft-getreten\/#breadcrumb\",\"itemListElement\":[{\"@type\":\"ListItem\",\"position\":1,\"name\":\"Startseite\",\"item\":\"https:\/\/www.rh-partner.ch\/de\/\"},{\"@type\":\"ListItem\",\"position\":2,\"name\":\"Grenzg\u00e4ngerabkommen mit Italien ist in Kraft getreten\"}]},{\"@type\":\"WebSite\",\"@id\":\"https:\/\/www.rh-partner.ch\/de\/#website\",\"url\":\"https:\/\/www.rh-partner.ch\/de\/\",\"name\":\"RHP R\u00fcfenacht Heer Partner\",\"description\":\"Treuh\u00e4nder und Treuhand in Solothurn | Solothurn Treuhand\",\"publisher\":{\"@id\":\"https:\/\/www.rh-partner.ch\/de\/#organization\"},\"potentialAction\":[{\"@type\":\"SearchAction\",\"target\":{\"@type\":\"EntryPoint\",\"urlTemplate\":\"https:\/\/www.rh-partner.ch\/de\/?s={search_term_string}\"},\"query-input\":{\"@type\":\"PropertyValueSpecification\",\"valueRequired\":true,\"valueName\":\"search_term_string\"}}],\"inLanguage\":\"de\"},{\"@type\":\"Organization\",\"@id\":\"https:\/\/www.rh-partner.ch\/de\/#organization\",\"name\":\"RHP R\u00fcfenacht Heer Partner\",\"url\":\"https:\/\/www.rh-partner.ch\/de\/\",\"logo\":{\"@type\":\"ImageObject\",\"inLanguage\":\"de\",\"@id\":\"https:\/\/www.rh-partner.ch\/de\/#\/schema\/logo\/image\/\",\"url\":\"https:\/\/www.rh-partner.ch\/wp-content\/uploads\/2024\/08\/RHP_logopng-1.png\",\"contentUrl\":\"https:\/\/www.rh-partner.ch\/wp-content\/uploads\/2024\/08\/RHP_logopng-1.png\",\"width\":652,\"height\":204,\"caption\":\"RHP R\u00fcfenacht Heer Partner\"},\"image\":{\"@id\":\"https:\/\/www.rh-partner.ch\/de\/#\/schema\/logo\/image\/\"}},{\"@type\":\"Person\",\"@id\":\"https:\/\/www.rh-partner.ch\/de\/#\/schema\/person\/d3db3cacaedd3be700e935280bd993aa\",\"name\":\"Mark R\u00fcfenacht\",\"url\":\"https:\/\/www.rh-partner.ch\/de\/author\/mark-ruefenachtwadsack-ch\/\"}]}<\/script>\n<!-- \/ Yoast SEO plugin. -->","yoast_head_json":{"title":"Grenzg\u00e4ngerabkommen mit Italien ist in Kraft getreten - RHP R\u00fcfenacht Heer Partner","robots":{"index":"index","follow":"follow","max-snippet":"max-snippet:-1","max-image-preview":"max-image-preview:large","max-video-preview":"max-video-preview:-1"},"canonical":"https:\/\/www.rh-partner.ch\/de\/steuern\/grenzgaengerabkommen-mit-italien-ist-in-kraft-getreten\/","og_locale":"de_DE","og_type":"article","og_title":"Grenzg\u00e4ngerabkommen mit Italien ist in Kraft getreten - RHP R\u00fcfenacht Heer Partner","og_description":"Das Abkommen \u00fcber die Besteuerung der Grenzg\u00e4ngerinnen und Grenzg\u00e4nger sowie ein \u00c4nderungsprotokoll zum Doppelbesteuerungsabkommen zwischen der Schweiz und Italien sind am 17. Juli 2023 in Kraft getreten. Die neuen Bestimmungen sind ab dem 1. Januar 2024 anwendbar. Das neue Grenzg\u00e4ngerabkommen ersetzt die bisherige Vereinbarung aus dem Jahr 1974. Es verbessert die aktuelle Regelung der Besteuerung...","og_url":"https:\/\/www.rh-partner.ch\/de\/steuern\/grenzgaengerabkommen-mit-italien-ist-in-kraft-getreten\/","og_site_name":"RHP R\u00fcfenacht Heer Partner","article_published_time":"2023-07-19T20:01:42+00:00","article_modified_time":"2024-08-09T20:02:12+00:00","author":"Mark R\u00fcfenacht","twitter_card":"summary_large_image","twitter_misc":{"Verfasst von":"Mark R\u00fcfenacht","Gesch\u00e4tzte Lesezeit":"1\u00a0Minute"},"schema":{"@context":"https:\/\/schema.org","@graph":[{"@type":"Article","@id":"https:\/\/www.rh-partner.ch\/de\/steuern\/grenzgaengerabkommen-mit-italien-ist-in-kraft-getreten\/#article","isPartOf":{"@id":"https:\/\/www.rh-partner.ch\/de\/steuern\/grenzgaengerabkommen-mit-italien-ist-in-kraft-getreten\/"},"author":{"name":"Mark R\u00fcfenacht","@id":"https:\/\/www.rh-partner.ch\/de\/#\/schema\/person\/d3db3cacaedd3be700e935280bd993aa"},"headline":"Grenzg\u00e4ngerabkommen mit Italien ist in Kraft getreten","datePublished":"2023-07-19T20:01:42+00:00","dateModified":"2024-08-09T20:02:12+00:00","mainEntityOfPage":{"@id":"https:\/\/www.rh-partner.ch\/de\/steuern\/grenzgaengerabkommen-mit-italien-ist-in-kraft-getreten\/"},"wordCount":271,"publisher":{"@id":"https:\/\/www.rh-partner.ch\/de\/#organization"},"articleSection":["Solothurn","Steuern und Recht"],"inLanguage":"de"},{"@type":"WebPage","@id":"https:\/\/www.rh-partner.ch\/de\/steuern\/grenzgaengerabkommen-mit-italien-ist-in-kraft-getreten\/","url":"https:\/\/www.rh-partner.ch\/de\/steuern\/grenzgaengerabkommen-mit-italien-ist-in-kraft-getreten\/","name":"Grenzg\u00e4ngerabkommen mit Italien ist in Kraft getreten - RHP R\u00fcfenacht Heer Partner","isPartOf":{"@id":"https:\/\/www.rh-partner.ch\/de\/#website"},"datePublished":"2023-07-19T20:01:42+00:00","dateModified":"2024-08-09T20:02:12+00:00","breadcrumb":{"@id":"https:\/\/www.rh-partner.ch\/de\/steuern\/grenzgaengerabkommen-mit-italien-ist-in-kraft-getreten\/#breadcrumb"},"inLanguage":"de","potentialAction":[{"@type":"ReadAction","target":["https:\/\/www.rh-partner.ch\/de\/steuern\/grenzgaengerabkommen-mit-italien-ist-in-kraft-getreten\/"]}]},{"@type":"BreadcrumbList","@id":"https:\/\/www.rh-partner.ch\/de\/steuern\/grenzgaengerabkommen-mit-italien-ist-in-kraft-getreten\/#breadcrumb","itemListElement":[{"@type":"ListItem","position":1,"name":"Startseite","item":"https:\/\/www.rh-partner.ch\/de\/"},{"@type":"ListItem","position":2,"name":"Grenzg\u00e4ngerabkommen mit Italien ist in Kraft getreten"}]},{"@type":"WebSite","@id":"https:\/\/www.rh-partner.ch\/de\/#website","url":"https:\/\/www.rh-partner.ch\/de\/","name":"RHP R\u00fcfenacht Heer Partner","description":"Treuh\u00e4nder und Treuhand in Solothurn | Solothurn Treuhand","publisher":{"@id":"https:\/\/www.rh-partner.ch\/de\/#organization"},"potentialAction":[{"@type":"SearchAction","target":{"@type":"EntryPoint","urlTemplate":"https:\/\/www.rh-partner.ch\/de\/?s={search_term_string}"},"query-input":{"@type":"PropertyValueSpecification","valueRequired":true,"valueName":"search_term_string"}}],"inLanguage":"de"},{"@type":"Organization","@id":"https:\/\/www.rh-partner.ch\/de\/#organization","name":"RHP R\u00fcfenacht Heer Partner","url":"https:\/\/www.rh-partner.ch\/de\/","logo":{"@type":"ImageObject","inLanguage":"de","@id":"https:\/\/www.rh-partner.ch\/de\/#\/schema\/logo\/image\/","url":"https:\/\/www.rh-partner.ch\/wp-content\/uploads\/2024\/08\/RHP_logopng-1.png","contentUrl":"https:\/\/www.rh-partner.ch\/wp-content\/uploads\/2024\/08\/RHP_logopng-1.png","width":652,"height":204,"caption":"RHP R\u00fcfenacht Heer Partner"},"image":{"@id":"https:\/\/www.rh-partner.ch\/de\/#\/schema\/logo\/image\/"}},{"@type":"Person","@id":"https:\/\/www.rh-partner.ch\/de\/#\/schema\/person\/d3db3cacaedd3be700e935280bd993aa","name":"Mark R\u00fcfenacht","url":"https:\/\/www.rh-partner.ch\/de\/author\/mark-ruefenachtwadsack-ch\/"}]}},"_links":{"self":[{"href":"https:\/\/www.rh-partner.ch\/de\/wp-json\/wp\/v2\/posts\/5928","targetHints":{"allow":["GET"]}}],"collection":[{"href":"https:\/\/www.rh-partner.ch\/de\/wp-json\/wp\/v2\/posts"}],"about":[{"href":"https:\/\/www.rh-partner.ch\/de\/wp-json\/wp\/v2\/types\/post"}],"author":[{"embeddable":true,"href":"https:\/\/www.rh-partner.ch\/de\/wp-json\/wp\/v2\/users\/3"}],"replies":[{"embeddable":true,"href":"https:\/\/www.rh-partner.ch\/de\/wp-json\/wp\/v2\/comments?post=5928"}],"version-history":[{"count":1,"href":"https:\/\/www.rh-partner.ch\/de\/wp-json\/wp\/v2\/posts\/5928\/revisions"}],"predecessor-version":[{"id":5929,"href":"https:\/\/www.rh-partner.ch\/de\/wp-json\/wp\/v2\/posts\/5928\/revisions\/5929"}],"wp:attachment":[{"href":"https:\/\/www.rh-partner.ch\/de\/wp-json\/wp\/v2\/media?parent=5928"}],"wp:term":[{"taxonomy":"category","embeddable":true,"href":"https:\/\/www.rh-partner.ch\/de\/wp-json\/wp\/v2\/categories?post=5928"},{"taxonomy":"post_tag","embeddable":true,"href":"https:\/\/www.rh-partner.ch\/de\/wp-json\/wp\/v2\/tags?post=5928"}],"curies":[{"name":"wp","href":"https:\/\/api.w.org\/{rel}","templated":true}]}}