{"id":5990,"date":"2022-06-23T21:22:16","date_gmt":"2022-06-23T21:22:16","guid":{"rendered":"https:\/\/rhp.solothurn-treuhand.ch\/?p=5990"},"modified":"2024-08-09T21:23:03","modified_gmt":"2024-08-09T21:23:03","slug":"abzug-fuer-die-krankenkassenpraemien-soll-erhoeht-werden","status":"publish","type":"post","link":"https:\/\/www.rh-partner.ch\/de\/steuern\/abzug-fuer-die-krankenkassenpraemien-soll-erhoeht-werden\/","title":{"rendered":"Abzug f\u00fcr die Krankenkassenpr\u00e4mien soll erh\u00f6ht werden"},"content":{"rendered":"<p><strong>Der Bundesrat schl\u00e4gt vor, die Abz\u00fcge f\u00fcr Versicherungspr\u00e4mien und Zinsen von Sparkapitalien bei der direkten Bundessteuer zu erh\u00f6hen. An der Sitzung vom 22. Juni 2022 hat er die Botschaft zum Bundesgesetz \u00fcber die direkte Bundessteuer verabschiedet. Mit dieser Vorlage setzt der Bundesrat die Motion Grin 17.3171 um.<\/strong><\/p>\n<p>Der Bundesrat will die Abz\u00fcge f\u00fcr Versicherungspr\u00e4mien und Zinsen von Sparkapitalien bei der direkten Bundesssteuer wie folgt erh\u00f6hen:<\/p>\n<ul>\n<li>der maximale Abzug f\u00fcr Alleinstehende von heute 1 700 auf 3 000 Franken;<\/li>\n<li>der maximale Abzug f\u00fcr Ehepaare von heute 3 500 auf 6 000 Franken;<\/li>\n<li>die Abz\u00fcge f\u00fcr ein Kind oder eine unterst\u00fctzungsbed\u00fcrftige Person von heute 700 auf 1 200 Franken.<\/li>\n<\/ul>\n<p>Die Vorlage f\u00fchrt bei der direkten Bundessteuer zu gesch\u00e4tzten Mindereinnahmen von rund 400 Millionen Franken pro Jahr. Davon entfallen rund 315 Millionen Franken auf den Bund und rund 85 Millionen Franken auf die Kantone. In Anbetracht der finanziellen Situation von Bund und Kantonen ist der Bundesrat besorgt \u00fcber diese Mindereinnahmen.<\/p>\n<p>Die Vorlage geht auf die Motion Grin \u00abErh\u00f6hung der Pauschalabz\u00fcge bei der direkten Bundessteuer zum Ausgleich der Explosion der Krankenkassenpr\u00e4mien\u00bb (17.3171) zur\u00fcck. Die Vernehmlassung wurde vom 11. Juni bis zum 8. Oktober 2021 durchgef\u00fchrt. Eine Mehrheit sprach sich f\u00fcr die Erh\u00f6hung der Abz\u00fcge aus.<\/p>\n<p>&nbsp;<\/p>\n<p>Quelle:\u00a0<a href=\"https:\/\/www.admin.ch\/gov\/de\/start\/dokumentation\/medienmitteilungen.msg-id-89399.html\" target=\"_blank\" rel=\"noopener noreferrer\">Schweizerische Eidgenossenschaft<\/a><\/p>\n<p><em>F\u00fcr die Aktualit\u00e4t und Vollst\u00e4ndigkeit kann keine Gew\u00e4hr \u00fcbernommen werden.<\/em><\/p>\n","protected":false},"excerpt":{"rendered":"<p>Der Bundesrat schl\u00e4gt vor, die Abz\u00fcge f\u00fcr Versicherungspr\u00e4mien und Zinsen von Sparkapitalien bei der direkten Bundessteuer zu erh\u00f6hen. An der Sitzung vom 22. Juni 2022 hat er die Botschaft zum Bundesgesetz \u00fcber die direkte Bundessteuer verabschiedet. Mit dieser Vorlage setzt der Bundesrat die Motion Grin 17.3171 um. Der Bundesrat will die Abz\u00fcge f\u00fcr Versicherungspr\u00e4mien und&#8230;<\/p>\n","protected":false},"author":3,"featured_media":0,"comment_status":"closed","ping_status":"closed","sticky":false,"template":"","format":"standard","meta":{"footnotes":""},"categories":[27,23],"tags":[],"class_list":["post-5990","post","type-post","status-publish","format-standard","hentry","category-grenchen","category-steuern"],"yoast_head":"<!-- This site is optimized with the Yoast SEO plugin v23.7 - https:\/\/yoast.com\/wordpress\/plugins\/seo\/ -->\n<title>Abzug f\u00fcr die Krankenkassenpr\u00e4mien soll erh\u00f6ht werden - RHP R\u00fcfenacht Heer Partner<\/title>\n<meta name=\"robots\" content=\"index, follow, max-snippet:-1, max-image-preview:large, max-video-preview:-1\" \/>\n<link rel=\"canonical\" href=\"https:\/\/www.rh-partner.ch\/de\/steuern\/abzug-fuer-die-krankenkassenpraemien-soll-erhoeht-werden\/\" \/>\n<meta property=\"og:locale\" content=\"de_DE\" \/>\n<meta property=\"og:type\" content=\"article\" \/>\n<meta property=\"og:title\" content=\"Abzug f\u00fcr die Krankenkassenpr\u00e4mien soll erh\u00f6ht werden - RHP R\u00fcfenacht Heer Partner\" \/>\n<meta property=\"og:description\" content=\"Der Bundesrat schl\u00e4gt vor, die Abz\u00fcge f\u00fcr Versicherungspr\u00e4mien und Zinsen von Sparkapitalien bei der direkten Bundessteuer zu erh\u00f6hen. An der Sitzung vom 22. Juni 2022 hat er die Botschaft zum Bundesgesetz \u00fcber die direkte Bundessteuer verabschiedet. Mit dieser Vorlage setzt der Bundesrat die Motion Grin 17.3171 um. Der Bundesrat will die Abz\u00fcge f\u00fcr Versicherungspr\u00e4mien und...\" \/>\n<meta property=\"og:url\" content=\"https:\/\/www.rh-partner.ch\/de\/steuern\/abzug-fuer-die-krankenkassenpraemien-soll-erhoeht-werden\/\" \/>\n<meta property=\"og:site_name\" content=\"RHP R\u00fcfenacht Heer Partner\" \/>\n<meta property=\"article:published_time\" content=\"2022-06-23T21:22:16+00:00\" \/>\n<meta property=\"article:modified_time\" content=\"2024-08-09T21:23:03+00:00\" \/>\n<meta name=\"author\" content=\"Mark R\u00fcfenacht\" \/>\n<meta name=\"twitter:card\" content=\"summary_large_image\" \/>\n<meta name=\"twitter:label1\" content=\"Verfasst von\" \/>\n\t<meta name=\"twitter:data1\" content=\"Mark R\u00fcfenacht\" \/>\n\t<meta name=\"twitter:label2\" content=\"Gesch\u00e4tzte Lesezeit\" \/>\n\t<meta name=\"twitter:data2\" content=\"1\u00a0Minute\" \/>\n<script type=\"application\/ld+json\" class=\"yoast-schema-graph\">{\"@context\":\"https:\/\/schema.org\",\"@graph\":[{\"@type\":\"Article\",\"@id\":\"https:\/\/www.rh-partner.ch\/de\/steuern\/abzug-fuer-die-krankenkassenpraemien-soll-erhoeht-werden\/#article\",\"isPartOf\":{\"@id\":\"https:\/\/www.rh-partner.ch\/de\/steuern\/abzug-fuer-die-krankenkassenpraemien-soll-erhoeht-werden\/\"},\"author\":{\"name\":\"Mark R\u00fcfenacht\",\"@id\":\"https:\/\/www.rh-partner.ch\/de\/#\/schema\/person\/d3db3cacaedd3be700e935280bd993aa\"},\"headline\":\"Abzug f\u00fcr die Krankenkassenpr\u00e4mien soll erh\u00f6ht werden\",\"datePublished\":\"2022-06-23T21:22:16+00:00\",\"dateModified\":\"2024-08-09T21:23:03+00:00\",\"mainEntityOfPage\":{\"@id\":\"https:\/\/www.rh-partner.ch\/de\/steuern\/abzug-fuer-die-krankenkassenpraemien-soll-erhoeht-werden\/\"},\"wordCount\":233,\"publisher\":{\"@id\":\"https:\/\/www.rh-partner.ch\/de\/#organization\"},\"articleSection\":[\"Grenchen\",\"Steuern und Recht\"],\"inLanguage\":\"de\"},{\"@type\":\"WebPage\",\"@id\":\"https:\/\/www.rh-partner.ch\/de\/steuern\/abzug-fuer-die-krankenkassenpraemien-soll-erhoeht-werden\/\",\"url\":\"https:\/\/www.rh-partner.ch\/de\/steuern\/abzug-fuer-die-krankenkassenpraemien-soll-erhoeht-werden\/\",\"name\":\"Abzug f\u00fcr die Krankenkassenpr\u00e4mien soll erh\u00f6ht werden - RHP R\u00fcfenacht Heer Partner\",\"isPartOf\":{\"@id\":\"https:\/\/www.rh-partner.ch\/de\/#website\"},\"datePublished\":\"2022-06-23T21:22:16+00:00\",\"dateModified\":\"2024-08-09T21:23:03+00:00\",\"breadcrumb\":{\"@id\":\"https:\/\/www.rh-partner.ch\/de\/steuern\/abzug-fuer-die-krankenkassenpraemien-soll-erhoeht-werden\/#breadcrumb\"},\"inLanguage\":\"de\",\"potentialAction\":[{\"@type\":\"ReadAction\",\"target\":[\"https:\/\/www.rh-partner.ch\/de\/steuern\/abzug-fuer-die-krankenkassenpraemien-soll-erhoeht-werden\/\"]}]},{\"@type\":\"BreadcrumbList\",\"@id\":\"https:\/\/www.rh-partner.ch\/de\/steuern\/abzug-fuer-die-krankenkassenpraemien-soll-erhoeht-werden\/#breadcrumb\",\"itemListElement\":[{\"@type\":\"ListItem\",\"position\":1,\"name\":\"Startseite\",\"item\":\"https:\/\/www.rh-partner.ch\/de\/\"},{\"@type\":\"ListItem\",\"position\":2,\"name\":\"Abzug f\u00fcr die Krankenkassenpr\u00e4mien soll erh\u00f6ht werden\"}]},{\"@type\":\"WebSite\",\"@id\":\"https:\/\/www.rh-partner.ch\/de\/#website\",\"url\":\"https:\/\/www.rh-partner.ch\/de\/\",\"name\":\"RHP R\u00fcfenacht Heer Partner\",\"description\":\"Treuh\u00e4nder und Treuhand in Solothurn | Solothurn Treuhand\",\"publisher\":{\"@id\":\"https:\/\/www.rh-partner.ch\/de\/#organization\"},\"potentialAction\":[{\"@type\":\"SearchAction\",\"target\":{\"@type\":\"EntryPoint\",\"urlTemplate\":\"https:\/\/www.rh-partner.ch\/de\/?s={search_term_string}\"},\"query-input\":{\"@type\":\"PropertyValueSpecification\",\"valueRequired\":true,\"valueName\":\"search_term_string\"}}],\"inLanguage\":\"de\"},{\"@type\":\"Organization\",\"@id\":\"https:\/\/www.rh-partner.ch\/de\/#organization\",\"name\":\"RHP R\u00fcfenacht Heer Partner\",\"url\":\"https:\/\/www.rh-partner.ch\/de\/\",\"logo\":{\"@type\":\"ImageObject\",\"inLanguage\":\"de\",\"@id\":\"https:\/\/www.rh-partner.ch\/de\/#\/schema\/logo\/image\/\",\"url\":\"https:\/\/www.rh-partner.ch\/wp-content\/uploads\/2024\/08\/RHP_logopng-1.png\",\"contentUrl\":\"https:\/\/www.rh-partner.ch\/wp-content\/uploads\/2024\/08\/RHP_logopng-1.png\",\"width\":652,\"height\":204,\"caption\":\"RHP R\u00fcfenacht Heer Partner\"},\"image\":{\"@id\":\"https:\/\/www.rh-partner.ch\/de\/#\/schema\/logo\/image\/\"}},{\"@type\":\"Person\",\"@id\":\"https:\/\/www.rh-partner.ch\/de\/#\/schema\/person\/d3db3cacaedd3be700e935280bd993aa\",\"name\":\"Mark R\u00fcfenacht\",\"url\":\"https:\/\/www.rh-partner.ch\/de\/author\/mark-ruefenachtwadsack-ch\/\"}]}<\/script>\n<!-- \/ Yoast SEO plugin. -->","yoast_head_json":{"title":"Abzug f\u00fcr die Krankenkassenpr\u00e4mien soll erh\u00f6ht werden - RHP R\u00fcfenacht Heer Partner","robots":{"index":"index","follow":"follow","max-snippet":"max-snippet:-1","max-image-preview":"max-image-preview:large","max-video-preview":"max-video-preview:-1"},"canonical":"https:\/\/www.rh-partner.ch\/de\/steuern\/abzug-fuer-die-krankenkassenpraemien-soll-erhoeht-werden\/","og_locale":"de_DE","og_type":"article","og_title":"Abzug f\u00fcr die Krankenkassenpr\u00e4mien soll erh\u00f6ht werden - RHP R\u00fcfenacht Heer Partner","og_description":"Der Bundesrat schl\u00e4gt vor, die Abz\u00fcge f\u00fcr Versicherungspr\u00e4mien und Zinsen von Sparkapitalien bei der direkten Bundessteuer zu erh\u00f6hen. An der Sitzung vom 22. Juni 2022 hat er die Botschaft zum Bundesgesetz \u00fcber die direkte Bundessteuer verabschiedet. Mit dieser Vorlage setzt der Bundesrat die Motion Grin 17.3171 um. Der Bundesrat will die Abz\u00fcge f\u00fcr Versicherungspr\u00e4mien und...","og_url":"https:\/\/www.rh-partner.ch\/de\/steuern\/abzug-fuer-die-krankenkassenpraemien-soll-erhoeht-werden\/","og_site_name":"RHP R\u00fcfenacht Heer Partner","article_published_time":"2022-06-23T21:22:16+00:00","article_modified_time":"2024-08-09T21:23:03+00:00","author":"Mark R\u00fcfenacht","twitter_card":"summary_large_image","twitter_misc":{"Verfasst von":"Mark R\u00fcfenacht","Gesch\u00e4tzte Lesezeit":"1\u00a0Minute"},"schema":{"@context":"https:\/\/schema.org","@graph":[{"@type":"Article","@id":"https:\/\/www.rh-partner.ch\/de\/steuern\/abzug-fuer-die-krankenkassenpraemien-soll-erhoeht-werden\/#article","isPartOf":{"@id":"https:\/\/www.rh-partner.ch\/de\/steuern\/abzug-fuer-die-krankenkassenpraemien-soll-erhoeht-werden\/"},"author":{"name":"Mark R\u00fcfenacht","@id":"https:\/\/www.rh-partner.ch\/de\/#\/schema\/person\/d3db3cacaedd3be700e935280bd993aa"},"headline":"Abzug f\u00fcr die Krankenkassenpr\u00e4mien soll erh\u00f6ht werden","datePublished":"2022-06-23T21:22:16+00:00","dateModified":"2024-08-09T21:23:03+00:00","mainEntityOfPage":{"@id":"https:\/\/www.rh-partner.ch\/de\/steuern\/abzug-fuer-die-krankenkassenpraemien-soll-erhoeht-werden\/"},"wordCount":233,"publisher":{"@id":"https:\/\/www.rh-partner.ch\/de\/#organization"},"articleSection":["Grenchen","Steuern und Recht"],"inLanguage":"de"},{"@type":"WebPage","@id":"https:\/\/www.rh-partner.ch\/de\/steuern\/abzug-fuer-die-krankenkassenpraemien-soll-erhoeht-werden\/","url":"https:\/\/www.rh-partner.ch\/de\/steuern\/abzug-fuer-die-krankenkassenpraemien-soll-erhoeht-werden\/","name":"Abzug f\u00fcr die Krankenkassenpr\u00e4mien soll erh\u00f6ht werden - RHP R\u00fcfenacht Heer Partner","isPartOf":{"@id":"https:\/\/www.rh-partner.ch\/de\/#website"},"datePublished":"2022-06-23T21:22:16+00:00","dateModified":"2024-08-09T21:23:03+00:00","breadcrumb":{"@id":"https:\/\/www.rh-partner.ch\/de\/steuern\/abzug-fuer-die-krankenkassenpraemien-soll-erhoeht-werden\/#breadcrumb"},"inLanguage":"de","potentialAction":[{"@type":"ReadAction","target":["https:\/\/www.rh-partner.ch\/de\/steuern\/abzug-fuer-die-krankenkassenpraemien-soll-erhoeht-werden\/"]}]},{"@type":"BreadcrumbList","@id":"https:\/\/www.rh-partner.ch\/de\/steuern\/abzug-fuer-die-krankenkassenpraemien-soll-erhoeht-werden\/#breadcrumb","itemListElement":[{"@type":"ListItem","position":1,"name":"Startseite","item":"https:\/\/www.rh-partner.ch\/de\/"},{"@type":"ListItem","position":2,"name":"Abzug f\u00fcr die Krankenkassenpr\u00e4mien soll erh\u00f6ht werden"}]},{"@type":"WebSite","@id":"https:\/\/www.rh-partner.ch\/de\/#website","url":"https:\/\/www.rh-partner.ch\/de\/","name":"RHP R\u00fcfenacht Heer Partner","description":"Treuh\u00e4nder und Treuhand in Solothurn | Solothurn Treuhand","publisher":{"@id":"https:\/\/www.rh-partner.ch\/de\/#organization"},"potentialAction":[{"@type":"SearchAction","target":{"@type":"EntryPoint","urlTemplate":"https:\/\/www.rh-partner.ch\/de\/?s={search_term_string}"},"query-input":{"@type":"PropertyValueSpecification","valueRequired":true,"valueName":"search_term_string"}}],"inLanguage":"de"},{"@type":"Organization","@id":"https:\/\/www.rh-partner.ch\/de\/#organization","name":"RHP R\u00fcfenacht Heer Partner","url":"https:\/\/www.rh-partner.ch\/de\/","logo":{"@type":"ImageObject","inLanguage":"de","@id":"https:\/\/www.rh-partner.ch\/de\/#\/schema\/logo\/image\/","url":"https:\/\/www.rh-partner.ch\/wp-content\/uploads\/2024\/08\/RHP_logopng-1.png","contentUrl":"https:\/\/www.rh-partner.ch\/wp-content\/uploads\/2024\/08\/RHP_logopng-1.png","width":652,"height":204,"caption":"RHP R\u00fcfenacht Heer Partner"},"image":{"@id":"https:\/\/www.rh-partner.ch\/de\/#\/schema\/logo\/image\/"}},{"@type":"Person","@id":"https:\/\/www.rh-partner.ch\/de\/#\/schema\/person\/d3db3cacaedd3be700e935280bd993aa","name":"Mark R\u00fcfenacht","url":"https:\/\/www.rh-partner.ch\/de\/author\/mark-ruefenachtwadsack-ch\/"}]}},"_links":{"self":[{"href":"https:\/\/www.rh-partner.ch\/de\/wp-json\/wp\/v2\/posts\/5990","targetHints":{"allow":["GET"]}}],"collection":[{"href":"https:\/\/www.rh-partner.ch\/de\/wp-json\/wp\/v2\/posts"}],"about":[{"href":"https:\/\/www.rh-partner.ch\/de\/wp-json\/wp\/v2\/types\/post"}],"author":[{"embeddable":true,"href":"https:\/\/www.rh-partner.ch\/de\/wp-json\/wp\/v2\/users\/3"}],"replies":[{"embeddable":true,"href":"https:\/\/www.rh-partner.ch\/de\/wp-json\/wp\/v2\/comments?post=5990"}],"version-history":[{"count":1,"href":"https:\/\/www.rh-partner.ch\/de\/wp-json\/wp\/v2\/posts\/5990\/revisions"}],"predecessor-version":[{"id":5991,"href":"https:\/\/www.rh-partner.ch\/de\/wp-json\/wp\/v2\/posts\/5990\/revisions\/5991"}],"wp:attachment":[{"href":"https:\/\/www.rh-partner.ch\/de\/wp-json\/wp\/v2\/media?parent=5990"}],"wp:term":[{"taxonomy":"category","embeddable":true,"href":"https:\/\/www.rh-partner.ch\/de\/wp-json\/wp\/v2\/categories?post=5990"},{"taxonomy":"post_tag","embeddable":true,"href":"https:\/\/www.rh-partner.ch\/de\/wp-json\/wp\/v2\/tags?post=5990"}],"curies":[{"name":"wp","href":"https:\/\/api.w.org\/{rel}","templated":true}]}}