{"id":6002,"date":"2021-12-08T21:34:46","date_gmt":"2021-12-08T21:34:46","guid":{"rendered":"https:\/\/rhp.solothurn-treuhand.ch\/?p=6002"},"modified":"2024-08-09T21:36:34","modified_gmt":"2024-08-09T21:36:34","slug":"privatanteil-geschaeftsfahrzeug-und-abrechnung-der-bezugsteuer","status":"publish","type":"post","link":"https:\/\/www.rh-partner.ch\/de\/steuern\/privatanteil-geschaeftsfahrzeug-und-abrechnung-der-bezugsteuer\/","title":{"rendered":"Privatanteil Gesch\u00e4ftsfahrzeug und Abrechnung der Bezugsteuer"},"content":{"rendered":"<p><strong>Die Pauschale f\u00fcr die Besteuerung der privaten Nutzung von Gesch\u00e4ftsfahrzeugen wird bei der direkten Bundessteuer per 1. Januar 2022\u00a0erh\u00f6ht. Zudem informiert die Eidgen\u00f6ssische Steuerverwaltung \u00fcber die Abrechnung der Bezugssteuer.<\/strong><\/p>\n<p>Per 1.\u00a0Januar 2022 wird bei der direkten\u00a0Bundessteuer die Pauschale f\u00fcr die Besteuerung der privaten Nutzung von\u00a0Gesch\u00e4ftsfahrzeugen von 0.8\u00a0% auf 0.9\u00a0% erh\u00f6ht (neuer Art.\u00a05a Abs.\u00a02 der Verordnung vom 10.\u00a0Februar\u00a01993 des EFD \u00fcber den Abzug der Berufskosten unselbstst\u00e4ndig Erwerbst\u00e4tiger bei\u00a0der direkten Bundessteuer [Berufskostenverordnung]).<br \/>\nBitte beachten Sie, dass vor diesem Hintergrund auch bei der Mehrwertsteuer\u00a0ab dem 1.\u00a0Januar 2022 die Pauschale von 0.9\u00a0% anzuwenden ist (vgl.\u00a0<a href=\"https:\/\/www.gate.estv.admin.ch\/mwst-webpublikationen\/public\/pages\/taxInfos\/tableOfContent.xhtml?publicationId=1000609\" target=\"_blank\" rel=\"noopener noreferrer\">MWST-Info\u00a008<\/a>, Ziff.\u00a03.4.3.2).<\/p>\n<p>Die ESTV hat zudem festgestellt, dass bei nach der Saldosteuersatzmethode oder der Pauschalsteuersatzmethode abrechnende steuerpflichtige Personen die Deklaration von der Bezugsteuer unterliegenden Leistungen von Unternehmen mit Sitz im Ausland oftmals vergessen geht (Art.\u00a045 ff.\u00a0MWSTG und Art.\u00a091\u00a0MWSTV).<br \/>\nBitte beachten Sie, dass solche Leistungen der Bezugsteuer unterliegen und nicht bereits durch die Saldosteuers\u00e4tze bzw. die Pauschalsteuers\u00e4tze ber\u00fccksichtig sind. Die Steuer ist deshalb halbj\u00e4hrlich bzw. viertelj\u00e4hrlich zum entsprechenden gesetzlichen Steuersatz in Ziffer\u00a0382 der Abrechnung zu deklarieren und zu entrichten (vgl.\u00a0<a href=\"https:\/\/www.gate.estv.admin.ch\/mwst-webpublikationen\/public\/pages\/taxInfos\/cipherDisplay.xhtml?publicationId=1004992&amp;componentId=1005262\" target=\"_blank\" rel=\"noopener noreferrer\">MWST-Info\u00a012, Ziff.\u00a05<\/a>\u00a0und\u00a0<a href=\"https:\/\/www.gate.estv.admin.ch\/mwst-webpublikationen\/public\/pages\/taxInfos\/cipherDisplay.xhtml?publicationId=1010429&amp;componentId=1010542\" target=\"_blank\" rel=\"noopener noreferrer\">MWST-Info\u00a013, Ziff.\u00a05<\/a>).<\/p>\n<p>&nbsp;<\/p>\n<p><em>Quelle:\u00a0<a href=\"https:\/\/www.estv.admin.ch\/estv\/de\/home\/mehrwertsteuer\/mwst-fachinformationen\/mwst-mitteilungen.html\" target=\"_blank\" rel=\"noopener noreferrer\">Eidgen\u00f6ssische Steuerverwaltung<\/a><\/em><\/p>\n<p><em>F\u00fcr die Aktualit\u00e4t und Vollst\u00e4ndigkeit kann keine Gew\u00e4hr \u00fcbernommen werden.<\/em><\/p>\n","protected":false},"excerpt":{"rendered":"<p>Die Pauschale f\u00fcr die Besteuerung der privaten Nutzung von Gesch\u00e4ftsfahrzeugen wird bei der direkten Bundessteuer per 1. Januar 2022\u00a0erh\u00f6ht. Zudem informiert die Eidgen\u00f6ssische Steuerverwaltung \u00fcber die Abrechnung der Bezugssteuer. Per 1.\u00a0Januar 2022 wird bei der direkten\u00a0Bundessteuer die Pauschale f\u00fcr die Besteuerung der privaten Nutzung von\u00a0Gesch\u00e4ftsfahrzeugen von 0.8\u00a0% auf 0.9\u00a0% erh\u00f6ht (neuer Art.\u00a05a Abs.\u00a02 der Verordnung&#8230;<\/p>\n","protected":false},"author":3,"featured_media":0,"comment_status":"closed","ping_status":"closed","sticky":false,"template":"","format":"standard","meta":{"footnotes":""},"categories":[27,23],"tags":[],"class_list":["post-6002","post","type-post","status-publish","format-standard","hentry","category-grenchen","category-steuern"],"yoast_head":"<!-- This site is optimized with the Yoast SEO plugin v23.7 - https:\/\/yoast.com\/wordpress\/plugins\/seo\/ -->\n<title>Privatanteil Gesch\u00e4ftsfahrzeug und Abrechnung der Bezugsteuer - RHP R\u00fcfenacht Heer Partner<\/title>\n<meta name=\"robots\" content=\"index, follow, max-snippet:-1, max-image-preview:large, max-video-preview:-1\" \/>\n<link rel=\"canonical\" href=\"https:\/\/www.rh-partner.ch\/de\/steuern\/privatanteil-geschaeftsfahrzeug-und-abrechnung-der-bezugsteuer\/\" \/>\n<meta property=\"og:locale\" content=\"de_DE\" \/>\n<meta property=\"og:type\" content=\"article\" \/>\n<meta property=\"og:title\" content=\"Privatanteil Gesch\u00e4ftsfahrzeug und Abrechnung der Bezugsteuer - RHP R\u00fcfenacht Heer Partner\" \/>\n<meta property=\"og:description\" content=\"Die Pauschale f\u00fcr die Besteuerung der privaten Nutzung von Gesch\u00e4ftsfahrzeugen wird bei der direkten Bundessteuer per 1. Januar 2022\u00a0erh\u00f6ht. Zudem informiert die Eidgen\u00f6ssische Steuerverwaltung \u00fcber die Abrechnung der Bezugssteuer. Per 1.\u00a0Januar 2022 wird bei der direkten\u00a0Bundessteuer die Pauschale f\u00fcr die Besteuerung der privaten Nutzung von\u00a0Gesch\u00e4ftsfahrzeugen von 0.8\u00a0% auf 0.9\u00a0% erh\u00f6ht (neuer Art.\u00a05a Abs.\u00a02 der Verordnung...\" \/>\n<meta property=\"og:url\" content=\"https:\/\/www.rh-partner.ch\/de\/steuern\/privatanteil-geschaeftsfahrzeug-und-abrechnung-der-bezugsteuer\/\" \/>\n<meta property=\"og:site_name\" content=\"RHP R\u00fcfenacht Heer Partner\" \/>\n<meta property=\"article:published_time\" content=\"2021-12-08T21:34:46+00:00\" \/>\n<meta property=\"article:modified_time\" content=\"2024-08-09T21:36:34+00:00\" \/>\n<meta name=\"author\" content=\"Mark R\u00fcfenacht\" \/>\n<meta name=\"twitter:card\" content=\"summary_large_image\" \/>\n<meta name=\"twitter:label1\" content=\"Verfasst von\" \/>\n\t<meta name=\"twitter:data1\" content=\"Mark R\u00fcfenacht\" \/>\n\t<meta name=\"twitter:label2\" content=\"Gesch\u00e4tzte Lesezeit\" \/>\n\t<meta name=\"twitter:data2\" content=\"1\u00a0Minute\" \/>\n<script type=\"application\/ld+json\" class=\"yoast-schema-graph\">{\"@context\":\"https:\/\/schema.org\",\"@graph\":[{\"@type\":\"Article\",\"@id\":\"https:\/\/www.rh-partner.ch\/de\/steuern\/privatanteil-geschaeftsfahrzeug-und-abrechnung-der-bezugsteuer\/#article\",\"isPartOf\":{\"@id\":\"https:\/\/www.rh-partner.ch\/de\/steuern\/privatanteil-geschaeftsfahrzeug-und-abrechnung-der-bezugsteuer\/\"},\"author\":{\"name\":\"Mark R\u00fcfenacht\",\"@id\":\"https:\/\/www.rh-partner.ch\/de\/#\/schema\/person\/d3db3cacaedd3be700e935280bd993aa\"},\"headline\":\"Privatanteil Gesch\u00e4ftsfahrzeug und Abrechnung der Bezugsteuer\",\"datePublished\":\"2021-12-08T21:34:46+00:00\",\"dateModified\":\"2024-08-09T21:36:34+00:00\",\"mainEntityOfPage\":{\"@id\":\"https:\/\/www.rh-partner.ch\/de\/steuern\/privatanteil-geschaeftsfahrzeug-und-abrechnung-der-bezugsteuer\/\"},\"wordCount\":216,\"publisher\":{\"@id\":\"https:\/\/www.rh-partner.ch\/de\/#organization\"},\"articleSection\":[\"Grenchen\",\"Steuern und Recht\"],\"inLanguage\":\"de\"},{\"@type\":\"WebPage\",\"@id\":\"https:\/\/www.rh-partner.ch\/de\/steuern\/privatanteil-geschaeftsfahrzeug-und-abrechnung-der-bezugsteuer\/\",\"url\":\"https:\/\/www.rh-partner.ch\/de\/steuern\/privatanteil-geschaeftsfahrzeug-und-abrechnung-der-bezugsteuer\/\",\"name\":\"Privatanteil Gesch\u00e4ftsfahrzeug und Abrechnung der Bezugsteuer - RHP R\u00fcfenacht Heer Partner\",\"isPartOf\":{\"@id\":\"https:\/\/www.rh-partner.ch\/de\/#website\"},\"datePublished\":\"2021-12-08T21:34:46+00:00\",\"dateModified\":\"2024-08-09T21:36:34+00:00\",\"breadcrumb\":{\"@id\":\"https:\/\/www.rh-partner.ch\/de\/steuern\/privatanteil-geschaeftsfahrzeug-und-abrechnung-der-bezugsteuer\/#breadcrumb\"},\"inLanguage\":\"de\",\"potentialAction\":[{\"@type\":\"ReadAction\",\"target\":[\"https:\/\/www.rh-partner.ch\/de\/steuern\/privatanteil-geschaeftsfahrzeug-und-abrechnung-der-bezugsteuer\/\"]}]},{\"@type\":\"BreadcrumbList\",\"@id\":\"https:\/\/www.rh-partner.ch\/de\/steuern\/privatanteil-geschaeftsfahrzeug-und-abrechnung-der-bezugsteuer\/#breadcrumb\",\"itemListElement\":[{\"@type\":\"ListItem\",\"position\":1,\"name\":\"Startseite\",\"item\":\"https:\/\/www.rh-partner.ch\/de\/\"},{\"@type\":\"ListItem\",\"position\":2,\"name\":\"Privatanteil Gesch\u00e4ftsfahrzeug und Abrechnung der Bezugsteuer\"}]},{\"@type\":\"WebSite\",\"@id\":\"https:\/\/www.rh-partner.ch\/de\/#website\",\"url\":\"https:\/\/www.rh-partner.ch\/de\/\",\"name\":\"RHP R\u00fcfenacht Heer Partner\",\"description\":\"Treuh\u00e4nder und Treuhand in Solothurn | Solothurn Treuhand\",\"publisher\":{\"@id\":\"https:\/\/www.rh-partner.ch\/de\/#organization\"},\"potentialAction\":[{\"@type\":\"SearchAction\",\"target\":{\"@type\":\"EntryPoint\",\"urlTemplate\":\"https:\/\/www.rh-partner.ch\/de\/?s={search_term_string}\"},\"query-input\":{\"@type\":\"PropertyValueSpecification\",\"valueRequired\":true,\"valueName\":\"search_term_string\"}}],\"inLanguage\":\"de\"},{\"@type\":\"Organization\",\"@id\":\"https:\/\/www.rh-partner.ch\/de\/#organization\",\"name\":\"RHP R\u00fcfenacht Heer Partner\",\"url\":\"https:\/\/www.rh-partner.ch\/de\/\",\"logo\":{\"@type\":\"ImageObject\",\"inLanguage\":\"de\",\"@id\":\"https:\/\/www.rh-partner.ch\/de\/#\/schema\/logo\/image\/\",\"url\":\"https:\/\/www.rh-partner.ch\/wp-content\/uploads\/2024\/08\/RHP_logopng-1.png\",\"contentUrl\":\"https:\/\/www.rh-partner.ch\/wp-content\/uploads\/2024\/08\/RHP_logopng-1.png\",\"width\":652,\"height\":204,\"caption\":\"RHP R\u00fcfenacht Heer Partner\"},\"image\":{\"@id\":\"https:\/\/www.rh-partner.ch\/de\/#\/schema\/logo\/image\/\"}},{\"@type\":\"Person\",\"@id\":\"https:\/\/www.rh-partner.ch\/de\/#\/schema\/person\/d3db3cacaedd3be700e935280bd993aa\",\"name\":\"Mark R\u00fcfenacht\",\"url\":\"https:\/\/www.rh-partner.ch\/de\/author\/mark-ruefenachtwadsack-ch\/\"}]}<\/script>\n<!-- \/ Yoast SEO plugin. -->","yoast_head_json":{"title":"Privatanteil Gesch\u00e4ftsfahrzeug und Abrechnung der Bezugsteuer - RHP R\u00fcfenacht Heer Partner","robots":{"index":"index","follow":"follow","max-snippet":"max-snippet:-1","max-image-preview":"max-image-preview:large","max-video-preview":"max-video-preview:-1"},"canonical":"https:\/\/www.rh-partner.ch\/de\/steuern\/privatanteil-geschaeftsfahrzeug-und-abrechnung-der-bezugsteuer\/","og_locale":"de_DE","og_type":"article","og_title":"Privatanteil Gesch\u00e4ftsfahrzeug und Abrechnung der Bezugsteuer - RHP R\u00fcfenacht Heer Partner","og_description":"Die Pauschale f\u00fcr die Besteuerung der privaten Nutzung von Gesch\u00e4ftsfahrzeugen wird bei der direkten Bundessteuer per 1. Januar 2022\u00a0erh\u00f6ht. Zudem informiert die Eidgen\u00f6ssische Steuerverwaltung \u00fcber die Abrechnung der Bezugssteuer. Per 1.\u00a0Januar 2022 wird bei der direkten\u00a0Bundessteuer die Pauschale f\u00fcr die Besteuerung der privaten Nutzung von\u00a0Gesch\u00e4ftsfahrzeugen von 0.8\u00a0% auf 0.9\u00a0% erh\u00f6ht (neuer Art.\u00a05a Abs.\u00a02 der Verordnung...","og_url":"https:\/\/www.rh-partner.ch\/de\/steuern\/privatanteil-geschaeftsfahrzeug-und-abrechnung-der-bezugsteuer\/","og_site_name":"RHP R\u00fcfenacht Heer Partner","article_published_time":"2021-12-08T21:34:46+00:00","article_modified_time":"2024-08-09T21:36:34+00:00","author":"Mark R\u00fcfenacht","twitter_card":"summary_large_image","twitter_misc":{"Verfasst von":"Mark R\u00fcfenacht","Gesch\u00e4tzte Lesezeit":"1\u00a0Minute"},"schema":{"@context":"https:\/\/schema.org","@graph":[{"@type":"Article","@id":"https:\/\/www.rh-partner.ch\/de\/steuern\/privatanteil-geschaeftsfahrzeug-und-abrechnung-der-bezugsteuer\/#article","isPartOf":{"@id":"https:\/\/www.rh-partner.ch\/de\/steuern\/privatanteil-geschaeftsfahrzeug-und-abrechnung-der-bezugsteuer\/"},"author":{"name":"Mark R\u00fcfenacht","@id":"https:\/\/www.rh-partner.ch\/de\/#\/schema\/person\/d3db3cacaedd3be700e935280bd993aa"},"headline":"Privatanteil Gesch\u00e4ftsfahrzeug und Abrechnung der Bezugsteuer","datePublished":"2021-12-08T21:34:46+00:00","dateModified":"2024-08-09T21:36:34+00:00","mainEntityOfPage":{"@id":"https:\/\/www.rh-partner.ch\/de\/steuern\/privatanteil-geschaeftsfahrzeug-und-abrechnung-der-bezugsteuer\/"},"wordCount":216,"publisher":{"@id":"https:\/\/www.rh-partner.ch\/de\/#organization"},"articleSection":["Grenchen","Steuern und Recht"],"inLanguage":"de"},{"@type":"WebPage","@id":"https:\/\/www.rh-partner.ch\/de\/steuern\/privatanteil-geschaeftsfahrzeug-und-abrechnung-der-bezugsteuer\/","url":"https:\/\/www.rh-partner.ch\/de\/steuern\/privatanteil-geschaeftsfahrzeug-und-abrechnung-der-bezugsteuer\/","name":"Privatanteil Gesch\u00e4ftsfahrzeug und Abrechnung der Bezugsteuer - RHP R\u00fcfenacht Heer Partner","isPartOf":{"@id":"https:\/\/www.rh-partner.ch\/de\/#website"},"datePublished":"2021-12-08T21:34:46+00:00","dateModified":"2024-08-09T21:36:34+00:00","breadcrumb":{"@id":"https:\/\/www.rh-partner.ch\/de\/steuern\/privatanteil-geschaeftsfahrzeug-und-abrechnung-der-bezugsteuer\/#breadcrumb"},"inLanguage":"de","potentialAction":[{"@type":"ReadAction","target":["https:\/\/www.rh-partner.ch\/de\/steuern\/privatanteil-geschaeftsfahrzeug-und-abrechnung-der-bezugsteuer\/"]}]},{"@type":"BreadcrumbList","@id":"https:\/\/www.rh-partner.ch\/de\/steuern\/privatanteil-geschaeftsfahrzeug-und-abrechnung-der-bezugsteuer\/#breadcrumb","itemListElement":[{"@type":"ListItem","position":1,"name":"Startseite","item":"https:\/\/www.rh-partner.ch\/de\/"},{"@type":"ListItem","position":2,"name":"Privatanteil Gesch\u00e4ftsfahrzeug und Abrechnung der Bezugsteuer"}]},{"@type":"WebSite","@id":"https:\/\/www.rh-partner.ch\/de\/#website","url":"https:\/\/www.rh-partner.ch\/de\/","name":"RHP R\u00fcfenacht Heer Partner","description":"Treuh\u00e4nder und Treuhand in Solothurn | Solothurn Treuhand","publisher":{"@id":"https:\/\/www.rh-partner.ch\/de\/#organization"},"potentialAction":[{"@type":"SearchAction","target":{"@type":"EntryPoint","urlTemplate":"https:\/\/www.rh-partner.ch\/de\/?s={search_term_string}"},"query-input":{"@type":"PropertyValueSpecification","valueRequired":true,"valueName":"search_term_string"}}],"inLanguage":"de"},{"@type":"Organization","@id":"https:\/\/www.rh-partner.ch\/de\/#organization","name":"RHP R\u00fcfenacht Heer Partner","url":"https:\/\/www.rh-partner.ch\/de\/","logo":{"@type":"ImageObject","inLanguage":"de","@id":"https:\/\/www.rh-partner.ch\/de\/#\/schema\/logo\/image\/","url":"https:\/\/www.rh-partner.ch\/wp-content\/uploads\/2024\/08\/RHP_logopng-1.png","contentUrl":"https:\/\/www.rh-partner.ch\/wp-content\/uploads\/2024\/08\/RHP_logopng-1.png","width":652,"height":204,"caption":"RHP R\u00fcfenacht Heer Partner"},"image":{"@id":"https:\/\/www.rh-partner.ch\/de\/#\/schema\/logo\/image\/"}},{"@type":"Person","@id":"https:\/\/www.rh-partner.ch\/de\/#\/schema\/person\/d3db3cacaedd3be700e935280bd993aa","name":"Mark R\u00fcfenacht","url":"https:\/\/www.rh-partner.ch\/de\/author\/mark-ruefenachtwadsack-ch\/"}]}},"_links":{"self":[{"href":"https:\/\/www.rh-partner.ch\/de\/wp-json\/wp\/v2\/posts\/6002","targetHints":{"allow":["GET"]}}],"collection":[{"href":"https:\/\/www.rh-partner.ch\/de\/wp-json\/wp\/v2\/posts"}],"about":[{"href":"https:\/\/www.rh-partner.ch\/de\/wp-json\/wp\/v2\/types\/post"}],"author":[{"embeddable":true,"href":"https:\/\/www.rh-partner.ch\/de\/wp-json\/wp\/v2\/users\/3"}],"replies":[{"embeddable":true,"href":"https:\/\/www.rh-partner.ch\/de\/wp-json\/wp\/v2\/comments?post=6002"}],"version-history":[{"count":2,"href":"https:\/\/www.rh-partner.ch\/de\/wp-json\/wp\/v2\/posts\/6002\/revisions"}],"predecessor-version":[{"id":6004,"href":"https:\/\/www.rh-partner.ch\/de\/wp-json\/wp\/v2\/posts\/6002\/revisions\/6004"}],"wp:attachment":[{"href":"https:\/\/www.rh-partner.ch\/de\/wp-json\/wp\/v2\/media?parent=6002"}],"wp:term":[{"taxonomy":"category","embeddable":true,"href":"https:\/\/www.rh-partner.ch\/de\/wp-json\/wp\/v2\/categories?post=6002"},{"taxonomy":"post_tag","embeddable":true,"href":"https:\/\/www.rh-partner.ch\/de\/wp-json\/wp\/v2\/tags?post=6002"}],"curies":[{"name":"wp","href":"https:\/\/api.w.org\/{rel}","templated":true}]}}