{"id":6015,"date":"2021-08-26T21:47:53","date_gmt":"2021-08-26T21:47:53","guid":{"rendered":"https:\/\/rhp.solothurn-treuhand.ch\/?p=6015"},"modified":"2024-08-09T21:48:48","modified_gmt":"2024-08-09T21:48:48","slug":"der-bundesrat-unterstuetzt-die-abschaffung-des-eigenmietwerts","status":"publish","type":"post","link":"https:\/\/www.rh-partner.ch\/de\/steuern\/der-bundesrat-unterstuetzt-die-abschaffung-des-eigenmietwerts\/","title":{"rendered":"Der Bundesrat unterst\u00fctzt die Abschaffung des Eigenmietwerts"},"content":{"rendered":"<p><strong>Der Bundesrat beantragt dem Parlament Eintreten auf die Vorlage der Kommission f\u00fcr Wirtschaft und Abgaben des St\u00e4nderates (WAK-S), die einen Systemwechsel bei der Wohneigentumsbesteuerung vorschl\u00e4gt. Gleichzeitig stellt er \u00c4nderungsantr\u00e4ge zu zentralen Eckwerten. Der Bundesrat verabschiedete an der Sitzung vom 25. August 2021 seine Stellungnahme zum Gesetzesentwurf.<\/strong><\/p>\n<p>Die Vorlage der WAK-S will den Eigenmietwert auf am Wohnsitz selbstbewohntem Wohneigentum abschaffen. Im Gegenzug sollen neben den Aufwendungen f\u00fcr den Liegenschaftsunterhalt namentlich auch Schuldzinsen nicht mehr abziehbar sein, um damit die Anreize zur privaten Verschuldung zu eliminieren.<\/p>\n<p>Der Bundesrat zeigte sich in der j\u00fcngeren Vergangenheit wiederholt offen f\u00fcr eine Reform der Wohneigentumsbesteuerung, sofern diese ausgewogen, in sich konsistent und finanziell verkraftbar ausgestaltet ist. Er wies des Weiteren immer wieder darauf hin, dass das heutige System verschiedene M\u00e4ngel aufweise. Dazu z\u00e4hlen beispielsweise die Anreize zur privaten Verschuldung oder die technische Komplexit\u00e4t. Nach Ansicht des Bundesrates liegt daher ausreichender Handlungsbedarf vor f\u00fcr einen Systemwechsel bei der Wohneigentumsbesteuerung. Allerdings ist die Vorlage der WAK-S anpassungsbed\u00fcrftig.<\/p>\n<h6>\u00c4nderungsantr\u00e4ge des Bundesrates<\/h6>\n<p>Sollte das Parlament auf die Vorlage eintreten, stellt der Bundesrat drei \u00c4nderungsantr\u00e4ge:<\/p>\n<ul>\n<li>Vollst\u00e4ndiger Systemwechsel: Dieser schliesst den Wegfall des Eigenmietwerts auf Zweitliegenschaften mit ein und sch\u00f6pft das Vereinfachungspotenzial eines Systemwechsels besser aus.<\/li>\n<li>Schuldzinsenabzug: Schuldzinsen m\u00fcssen weiterhin zum Abzug zugelassen werden, wenn sie der Erzielung eines steuerbaren Einkommens dienen. Dies ist namentlich bei vermieteten oder verpachteten Liegenschaften der Fall sowie bei selbstgenutzten Zweitliegenschaften, auf denen weiterhin der Eigenmietwert erhoben wird.<\/li>\n<li>Energiespar- und Umweltschutzabz\u00fcge: Die Kommission hatte urspr\u00fcnglich vorgeschlagen, diese steuerliche F\u00f6rderung im Steuerharmonisierungsgesetz an das CO2-Gesetz zu koppeln. Das CO2-Gesetz ist jedoch abgelehnt worden. Deshalb will der Bundesrat die steuerliche F\u00f6rderung energetischer Sanierungen bis l\u00e4ngstens 2050 beibehalten, um das Klimaziel 2050 zu erreichen.<\/li>\n<\/ul>\n<h6>Finanzielle Auswirkungen der Vorlage<\/h6>\n<p>Die WAK-S sch\u00e4tzte bei einem Zinsniveau von 1,5% die Mindereinnahmen auf 660 Millionen Franken f\u00fcr Bund, Kantone und Gemeinden. Unter Ber\u00fccksichtigung der \u00c4nderungsantr\u00e4ge des Bundesrats ergeben sich Mindereinnahmen von rund 1,66 Milliarden Franken. Bei einem Zinsniveau von 3,5% ergeben sich bei der Variante WAK\u2011S gesch\u00e4tzte Mehreinnahmen von rund zwei Milliarden Franken, in der Variante des Bundesrats gesch\u00e4tzte Mehreinnahmen von 150 Millionen Franken. Hinzu kommen bei beiden Zinsniveaus nicht quantifizierbare Mindereinnahmen f\u00fcr Bund, Kantone und Gemeinden aus dem Systemwechsel bei den Zweitliegenschaften.<\/p>\n<p>&nbsp;<\/p>\n<p><em><a href=\"https:\/\/www.estv.admin.ch\/estv\/de\/home\/die-estv\/medien\/nsb-news_list.msg-id-84841.html\" target=\"_blank\" rel=\"noopener noreferrer\">Quelle: Schweizerische Eidgenossenschaft<\/a><\/em><\/p>\n<p><em>F\u00fcr die Aktualit\u00e4t und Vollst\u00e4ndigkeit kann keine Gew\u00e4hr \u00fcbernommen werden.<\/em><\/p>\n","protected":false},"excerpt":{"rendered":"<p>Der Bundesrat beantragt dem Parlament Eintreten auf die Vorlage der Kommission f\u00fcr Wirtschaft und Abgaben des St\u00e4nderates (WAK-S), die einen Systemwechsel bei der Wohneigentumsbesteuerung vorschl\u00e4gt. Gleichzeitig stellt er \u00c4nderungsantr\u00e4ge zu zentralen Eckwerten. Der Bundesrat verabschiedete an der Sitzung vom 25. August 2021 seine Stellungnahme zum Gesetzesentwurf. Die Vorlage der WAK-S will den Eigenmietwert auf am&#8230;<\/p>\n","protected":false},"author":3,"featured_media":0,"comment_status":"closed","ping_status":"closed","sticky":false,"template":"","format":"standard","meta":{"footnotes":""},"categories":[26,23],"tags":[],"class_list":["post-6015","post","type-post","status-publish","format-standard","hentry","category-solothun","category-steuern"],"yoast_head":"<!-- This site is optimized with the Yoast SEO plugin v23.7 - https:\/\/yoast.com\/wordpress\/plugins\/seo\/ -->\n<title>Der Bundesrat unterst\u00fctzt die Abschaffung des Eigenmietwerts - RHP R\u00fcfenacht Heer Partner<\/title>\n<meta name=\"robots\" content=\"index, follow, max-snippet:-1, max-image-preview:large, max-video-preview:-1\" \/>\n<link rel=\"canonical\" href=\"https:\/\/www.rh-partner.ch\/de\/steuern\/der-bundesrat-unterstuetzt-die-abschaffung-des-eigenmietwerts\/\" \/>\n<meta property=\"og:locale\" content=\"de_DE\" \/>\n<meta property=\"og:type\" content=\"article\" \/>\n<meta property=\"og:title\" content=\"Der Bundesrat unterst\u00fctzt die Abschaffung des Eigenmietwerts - RHP R\u00fcfenacht Heer Partner\" \/>\n<meta property=\"og:description\" content=\"Der Bundesrat beantragt dem Parlament Eintreten auf die Vorlage der Kommission f\u00fcr Wirtschaft und Abgaben des St\u00e4nderates (WAK-S), die einen Systemwechsel bei der Wohneigentumsbesteuerung vorschl\u00e4gt. Gleichzeitig stellt er \u00c4nderungsantr\u00e4ge zu zentralen Eckwerten. Der Bundesrat verabschiedete an der Sitzung vom 25. August 2021 seine Stellungnahme zum Gesetzesentwurf. Die Vorlage der WAK-S will den Eigenmietwert auf am...\" \/>\n<meta property=\"og:url\" content=\"https:\/\/www.rh-partner.ch\/de\/steuern\/der-bundesrat-unterstuetzt-die-abschaffung-des-eigenmietwerts\/\" \/>\n<meta property=\"og:site_name\" content=\"RHP R\u00fcfenacht Heer Partner\" \/>\n<meta property=\"article:published_time\" content=\"2021-08-26T21:47:53+00:00\" \/>\n<meta property=\"article:modified_time\" content=\"2024-08-09T21:48:48+00:00\" \/>\n<meta name=\"author\" content=\"Mark R\u00fcfenacht\" \/>\n<meta name=\"twitter:card\" content=\"summary_large_image\" \/>\n<meta name=\"twitter:label1\" content=\"Verfasst von\" \/>\n\t<meta name=\"twitter:data1\" content=\"Mark R\u00fcfenacht\" \/>\n\t<meta name=\"twitter:label2\" content=\"Gesch\u00e4tzte Lesezeit\" \/>\n\t<meta name=\"twitter:data2\" content=\"2\u00a0Minuten\" \/>\n<script type=\"application\/ld+json\" class=\"yoast-schema-graph\">{\"@context\":\"https:\/\/schema.org\",\"@graph\":[{\"@type\":\"Article\",\"@id\":\"https:\/\/www.rh-partner.ch\/de\/steuern\/der-bundesrat-unterstuetzt-die-abschaffung-des-eigenmietwerts\/#article\",\"isPartOf\":{\"@id\":\"https:\/\/www.rh-partner.ch\/de\/steuern\/der-bundesrat-unterstuetzt-die-abschaffung-des-eigenmietwerts\/\"},\"author\":{\"name\":\"Mark R\u00fcfenacht\",\"@id\":\"https:\/\/www.rh-partner.ch\/de\/#\/schema\/person\/d3db3cacaedd3be700e935280bd993aa\"},\"headline\":\"Der Bundesrat unterst\u00fctzt die Abschaffung des Eigenmietwerts\",\"datePublished\":\"2021-08-26T21:47:53+00:00\",\"dateModified\":\"2024-08-09T21:48:48+00:00\",\"mainEntityOfPage\":{\"@id\":\"https:\/\/www.rh-partner.ch\/de\/steuern\/der-bundesrat-unterstuetzt-die-abschaffung-des-eigenmietwerts\/\"},\"wordCount\":408,\"publisher\":{\"@id\":\"https:\/\/www.rh-partner.ch\/de\/#organization\"},\"articleSection\":[\"Solothurn\",\"Steuern und Recht\"],\"inLanguage\":\"de\"},{\"@type\":\"WebPage\",\"@id\":\"https:\/\/www.rh-partner.ch\/de\/steuern\/der-bundesrat-unterstuetzt-die-abschaffung-des-eigenmietwerts\/\",\"url\":\"https:\/\/www.rh-partner.ch\/de\/steuern\/der-bundesrat-unterstuetzt-die-abschaffung-des-eigenmietwerts\/\",\"name\":\"Der Bundesrat unterst\u00fctzt die Abschaffung des Eigenmietwerts - RHP R\u00fcfenacht Heer Partner\",\"isPartOf\":{\"@id\":\"https:\/\/www.rh-partner.ch\/de\/#website\"},\"datePublished\":\"2021-08-26T21:47:53+00:00\",\"dateModified\":\"2024-08-09T21:48:48+00:00\",\"breadcrumb\":{\"@id\":\"https:\/\/www.rh-partner.ch\/de\/steuern\/der-bundesrat-unterstuetzt-die-abschaffung-des-eigenmietwerts\/#breadcrumb\"},\"inLanguage\":\"de\",\"potentialAction\":[{\"@type\":\"ReadAction\",\"target\":[\"https:\/\/www.rh-partner.ch\/de\/steuern\/der-bundesrat-unterstuetzt-die-abschaffung-des-eigenmietwerts\/\"]}]},{\"@type\":\"BreadcrumbList\",\"@id\":\"https:\/\/www.rh-partner.ch\/de\/steuern\/der-bundesrat-unterstuetzt-die-abschaffung-des-eigenmietwerts\/#breadcrumb\",\"itemListElement\":[{\"@type\":\"ListItem\",\"position\":1,\"name\":\"Startseite\",\"item\":\"https:\/\/www.rh-partner.ch\/de\/\"},{\"@type\":\"ListItem\",\"position\":2,\"name\":\"Der Bundesrat unterst\u00fctzt die Abschaffung des Eigenmietwerts\"}]},{\"@type\":\"WebSite\",\"@id\":\"https:\/\/www.rh-partner.ch\/de\/#website\",\"url\":\"https:\/\/www.rh-partner.ch\/de\/\",\"name\":\"RHP R\u00fcfenacht Heer Partner\",\"description\":\"Treuh\u00e4nder und Treuhand in Solothurn | Solothurn Treuhand\",\"publisher\":{\"@id\":\"https:\/\/www.rh-partner.ch\/de\/#organization\"},\"potentialAction\":[{\"@type\":\"SearchAction\",\"target\":{\"@type\":\"EntryPoint\",\"urlTemplate\":\"https:\/\/www.rh-partner.ch\/de\/?s={search_term_string}\"},\"query-input\":{\"@type\":\"PropertyValueSpecification\",\"valueRequired\":true,\"valueName\":\"search_term_string\"}}],\"inLanguage\":\"de\"},{\"@type\":\"Organization\",\"@id\":\"https:\/\/www.rh-partner.ch\/de\/#organization\",\"name\":\"RHP R\u00fcfenacht Heer Partner\",\"url\":\"https:\/\/www.rh-partner.ch\/de\/\",\"logo\":{\"@type\":\"ImageObject\",\"inLanguage\":\"de\",\"@id\":\"https:\/\/www.rh-partner.ch\/de\/#\/schema\/logo\/image\/\",\"url\":\"https:\/\/www.rh-partner.ch\/wp-content\/uploads\/2024\/08\/RHP_logopng-1.png\",\"contentUrl\":\"https:\/\/www.rh-partner.ch\/wp-content\/uploads\/2024\/08\/RHP_logopng-1.png\",\"width\":652,\"height\":204,\"caption\":\"RHP R\u00fcfenacht Heer Partner\"},\"image\":{\"@id\":\"https:\/\/www.rh-partner.ch\/de\/#\/schema\/logo\/image\/\"}},{\"@type\":\"Person\",\"@id\":\"https:\/\/www.rh-partner.ch\/de\/#\/schema\/person\/d3db3cacaedd3be700e935280bd993aa\",\"name\":\"Mark R\u00fcfenacht\",\"url\":\"https:\/\/www.rh-partner.ch\/de\/author\/mark-ruefenachtwadsack-ch\/\"}]}<\/script>\n<!-- \/ Yoast SEO plugin. -->","yoast_head_json":{"title":"Der Bundesrat unterst\u00fctzt die Abschaffung des Eigenmietwerts - RHP R\u00fcfenacht Heer Partner","robots":{"index":"index","follow":"follow","max-snippet":"max-snippet:-1","max-image-preview":"max-image-preview:large","max-video-preview":"max-video-preview:-1"},"canonical":"https:\/\/www.rh-partner.ch\/de\/steuern\/der-bundesrat-unterstuetzt-die-abschaffung-des-eigenmietwerts\/","og_locale":"de_DE","og_type":"article","og_title":"Der Bundesrat unterst\u00fctzt die Abschaffung des Eigenmietwerts - RHP R\u00fcfenacht Heer Partner","og_description":"Der Bundesrat beantragt dem Parlament Eintreten auf die Vorlage der Kommission f\u00fcr Wirtschaft und Abgaben des St\u00e4nderates (WAK-S), die einen Systemwechsel bei der Wohneigentumsbesteuerung vorschl\u00e4gt. Gleichzeitig stellt er \u00c4nderungsantr\u00e4ge zu zentralen Eckwerten. Der Bundesrat verabschiedete an der Sitzung vom 25. August 2021 seine Stellungnahme zum Gesetzesentwurf. Die Vorlage der WAK-S will den Eigenmietwert auf am...","og_url":"https:\/\/www.rh-partner.ch\/de\/steuern\/der-bundesrat-unterstuetzt-die-abschaffung-des-eigenmietwerts\/","og_site_name":"RHP R\u00fcfenacht Heer Partner","article_published_time":"2021-08-26T21:47:53+00:00","article_modified_time":"2024-08-09T21:48:48+00:00","author":"Mark R\u00fcfenacht","twitter_card":"summary_large_image","twitter_misc":{"Verfasst von":"Mark R\u00fcfenacht","Gesch\u00e4tzte Lesezeit":"2\u00a0Minuten"},"schema":{"@context":"https:\/\/schema.org","@graph":[{"@type":"Article","@id":"https:\/\/www.rh-partner.ch\/de\/steuern\/der-bundesrat-unterstuetzt-die-abschaffung-des-eigenmietwerts\/#article","isPartOf":{"@id":"https:\/\/www.rh-partner.ch\/de\/steuern\/der-bundesrat-unterstuetzt-die-abschaffung-des-eigenmietwerts\/"},"author":{"name":"Mark R\u00fcfenacht","@id":"https:\/\/www.rh-partner.ch\/de\/#\/schema\/person\/d3db3cacaedd3be700e935280bd993aa"},"headline":"Der Bundesrat unterst\u00fctzt die Abschaffung des Eigenmietwerts","datePublished":"2021-08-26T21:47:53+00:00","dateModified":"2024-08-09T21:48:48+00:00","mainEntityOfPage":{"@id":"https:\/\/www.rh-partner.ch\/de\/steuern\/der-bundesrat-unterstuetzt-die-abschaffung-des-eigenmietwerts\/"},"wordCount":408,"publisher":{"@id":"https:\/\/www.rh-partner.ch\/de\/#organization"},"articleSection":["Solothurn","Steuern und Recht"],"inLanguage":"de"},{"@type":"WebPage","@id":"https:\/\/www.rh-partner.ch\/de\/steuern\/der-bundesrat-unterstuetzt-die-abschaffung-des-eigenmietwerts\/","url":"https:\/\/www.rh-partner.ch\/de\/steuern\/der-bundesrat-unterstuetzt-die-abschaffung-des-eigenmietwerts\/","name":"Der Bundesrat unterst\u00fctzt die Abschaffung des Eigenmietwerts - RHP R\u00fcfenacht Heer Partner","isPartOf":{"@id":"https:\/\/www.rh-partner.ch\/de\/#website"},"datePublished":"2021-08-26T21:47:53+00:00","dateModified":"2024-08-09T21:48:48+00:00","breadcrumb":{"@id":"https:\/\/www.rh-partner.ch\/de\/steuern\/der-bundesrat-unterstuetzt-die-abschaffung-des-eigenmietwerts\/#breadcrumb"},"inLanguage":"de","potentialAction":[{"@type":"ReadAction","target":["https:\/\/www.rh-partner.ch\/de\/steuern\/der-bundesrat-unterstuetzt-die-abschaffung-des-eigenmietwerts\/"]}]},{"@type":"BreadcrumbList","@id":"https:\/\/www.rh-partner.ch\/de\/steuern\/der-bundesrat-unterstuetzt-die-abschaffung-des-eigenmietwerts\/#breadcrumb","itemListElement":[{"@type":"ListItem","position":1,"name":"Startseite","item":"https:\/\/www.rh-partner.ch\/de\/"},{"@type":"ListItem","position":2,"name":"Der Bundesrat unterst\u00fctzt die Abschaffung des Eigenmietwerts"}]},{"@type":"WebSite","@id":"https:\/\/www.rh-partner.ch\/de\/#website","url":"https:\/\/www.rh-partner.ch\/de\/","name":"RHP R\u00fcfenacht Heer Partner","description":"Treuh\u00e4nder und Treuhand in Solothurn | Solothurn Treuhand","publisher":{"@id":"https:\/\/www.rh-partner.ch\/de\/#organization"},"potentialAction":[{"@type":"SearchAction","target":{"@type":"EntryPoint","urlTemplate":"https:\/\/www.rh-partner.ch\/de\/?s={search_term_string}"},"query-input":{"@type":"PropertyValueSpecification","valueRequired":true,"valueName":"search_term_string"}}],"inLanguage":"de"},{"@type":"Organization","@id":"https:\/\/www.rh-partner.ch\/de\/#organization","name":"RHP R\u00fcfenacht Heer Partner","url":"https:\/\/www.rh-partner.ch\/de\/","logo":{"@type":"ImageObject","inLanguage":"de","@id":"https:\/\/www.rh-partner.ch\/de\/#\/schema\/logo\/image\/","url":"https:\/\/www.rh-partner.ch\/wp-content\/uploads\/2024\/08\/RHP_logopng-1.png","contentUrl":"https:\/\/www.rh-partner.ch\/wp-content\/uploads\/2024\/08\/RHP_logopng-1.png","width":652,"height":204,"caption":"RHP R\u00fcfenacht Heer Partner"},"image":{"@id":"https:\/\/www.rh-partner.ch\/de\/#\/schema\/logo\/image\/"}},{"@type":"Person","@id":"https:\/\/www.rh-partner.ch\/de\/#\/schema\/person\/d3db3cacaedd3be700e935280bd993aa","name":"Mark R\u00fcfenacht","url":"https:\/\/www.rh-partner.ch\/de\/author\/mark-ruefenachtwadsack-ch\/"}]}},"_links":{"self":[{"href":"https:\/\/www.rh-partner.ch\/de\/wp-json\/wp\/v2\/posts\/6015","targetHints":{"allow":["GET"]}}],"collection":[{"href":"https:\/\/www.rh-partner.ch\/de\/wp-json\/wp\/v2\/posts"}],"about":[{"href":"https:\/\/www.rh-partner.ch\/de\/wp-json\/wp\/v2\/types\/post"}],"author":[{"embeddable":true,"href":"https:\/\/www.rh-partner.ch\/de\/wp-json\/wp\/v2\/users\/3"}],"replies":[{"embeddable":true,"href":"https:\/\/www.rh-partner.ch\/de\/wp-json\/wp\/v2\/comments?post=6015"}],"version-history":[{"count":1,"href":"https:\/\/www.rh-partner.ch\/de\/wp-json\/wp\/v2\/posts\/6015\/revisions"}],"predecessor-version":[{"id":6016,"href":"https:\/\/www.rh-partner.ch\/de\/wp-json\/wp\/v2\/posts\/6015\/revisions\/6016"}],"wp:attachment":[{"href":"https:\/\/www.rh-partner.ch\/de\/wp-json\/wp\/v2\/media?parent=6015"}],"wp:term":[{"taxonomy":"category","embeddable":true,"href":"https:\/\/www.rh-partner.ch\/de\/wp-json\/wp\/v2\/categories?post=6015"},{"taxonomy":"post_tag","embeddable":true,"href":"https:\/\/www.rh-partner.ch\/de\/wp-json\/wp\/v2\/tags?post=6015"}],"curies":[{"name":"wp","href":"https:\/\/api.w.org\/{rel}","templated":true}]}}