{"id":6017,"date":"2020-07-17T21:53:09","date_gmt":"2020-07-17T21:53:09","guid":{"rendered":"https:\/\/rhp.solothurn-treuhand.ch\/?p=6017"},"modified":"2024-08-09T21:54:09","modified_gmt":"2024-08-09T21:54:09","slug":"revision-des-familienzulagengesetzes-per-1-august-2020","status":"publish","type":"post","link":"https:\/\/www.rh-partner.ch\/de\/treuhand\/revision-des-familienzulagengesetzes-per-1-august-2020\/","title":{"rendered":"Revision des Familienzulagengesetzes per 1. August 2020"},"content":{"rendered":"<p><strong>Das Familienzulagengesetz wird in drei Bereichen ge\u00e4ndert: Die Altersgrenze f\u00fcr den Bezug von Ausbildungszulagen wird gesenkt, arbeitslose M\u00fctter, die eine Mutterschaftsentsch\u00e4digung beziehen, erhalten Anrecht auf Familienzulagen, und es wird eine gesetzliche Grundlage f\u00fcr Finanzhilfen an Familienorganisationen geschaffen. Der Bundesrat hat an seiner Sitzung vom 19. Juni 2020 beschlossen, die neuen Gesetzesbestimmungen und die entsprechenden Verordnungen auf den 1. August 2020 in Kraft zu setzen.<\/strong><\/p>\n<p>Im FamZG werden zwei Arten von Familienzulagen geregelt: die Kinder- und die Ausbildungszulage. Letztere ist h\u00f6her als die Kinderzulage, weil die nachobligatorische Ausbildung mit h\u00f6heren Kosten verbunden ist. Aktuell haben Eltern, deren Kind eine nachobligatorische Ausbildung beginnt und noch nicht 16 Jahre alt ist, keinen Anspruch auf eine Ausbildungszulage. Neu wird ihnen mit Beginn der nachobligatorischen Ausbildung die Ausbildungszulage ausgerichtet, sofern ihr Kind das 15. Altersjahr vollendet hat. Mit dieser \u00c4nderung erf\u00fcllt der Bundesrat die Forderung der Parlamentarischen Initiative M\u00fcller-Altermatt (16.417).<\/p>\n<h6>Familienzulage f\u00fcr arbeitslose M\u00fctter<\/h6>\n<p>Arbeitslose M\u00fctter, die eine Mutterschaftsentsch\u00e4digung beziehen, haben ab dem 1. August 2020 Anspruch auf eine Familienzulage. Dies ist heute nicht der Fall. Hat beispielsweise in Folge einer fehlenden Vaterschaftsanerkennung keine andere Person einen Anspruch auf Familienzulagen, wird f\u00fcr das Kind keine Zulage ausgerichtet. Mit dieser Anpassung wird die Motion Seydoux-Christe (13.3650) umgesetzt.<\/p>\n<h6>Gesetzliche Grundlage f\u00fcr Finanzhilfen an Familienorganisationen<\/h6>\n<p>Schliesslich wird eine gesetzliche Grundlage f\u00fcr die Finanzhilfen an Familienorganisationen geschaffen. Mit diesen unterst\u00fctzt der Bund seit mehr als 70 Jahren in der ganzen Schweiz oder im ganzen Gebiet einer Sprachregion t\u00e4tige Familienorganisationen. Bis jetzt wurden die Finanzhilfen direkt gest\u00fctzt auf die Bundesverfassung gew\u00e4hrt. Nun wurde im Familienzulagengesetz eine explizite gesetzliche Grundlage geschaffen.<\/p>\n<h6>Neue Bestimmungen treten am 1. August 2020 in Kraft<\/h6>\n<p>Am 27. September 2019 haben die eidgen\u00f6ssischen R\u00e4te die Revision des Familienzulagengesetzes verabschiedet. Der Bundesrat hat an seiner Sitzung vom 19. Juni 2020 entschieden, dass die neuen Gesetzesbestimmungen am 1. August 2020 in Kraft treten. Mit diesem Termin werden die neuen Regelungen zur Ausbildungszulage auf den Beginn des neuen Schuljahres bzw. der Berufslehren abgestimmt. Der Bundesrat hat zudem die revidierten Bestimmungen der Familienzulagenverordnung (FamZV) und die neu geschaffene Verordnung \u00fcber Finanzhilfen an Familienorganisationen (FOrgV) verabschiedet. Diese treten ebenfalls am 1. August 2020 in Kraft.<\/p>\n<p>&nbsp;<\/p>\n<p><em>Quelle:\u00a0<a href=\"https:\/\/www.admin.ch\/gov\/de\/start\/dokumentation\/medienmitteilungen.msg-id-79506.html\" target=\"_blank\" rel=\"noopener noreferrer\">Der Bundesrat &#8211; Das Portal der Schweizer Regierung<\/a><\/em><\/p>\n<p><em>F\u00fcr die Aktualit\u00e4t und Vollst\u00e4ndigkeit kann keine Gew\u00e4hr \u00fcbernommen werden.<\/em><\/p>\n","protected":false},"excerpt":{"rendered":"<p>Das Familienzulagengesetz wird in drei Bereichen ge\u00e4ndert: Die Altersgrenze f\u00fcr den Bezug von Ausbildungszulagen wird gesenkt, arbeitslose M\u00fctter, die eine Mutterschaftsentsch\u00e4digung beziehen, erhalten Anrecht auf Familienzulagen, und es wird eine gesetzliche Grundlage f\u00fcr Finanzhilfen an Familienorganisationen geschaffen. Der Bundesrat hat an seiner Sitzung vom 19. Juni 2020 beschlossen, die neuen Gesetzesbestimmungen und die entsprechenden Verordnungen&#8230;<\/p>\n","protected":false},"author":3,"featured_media":0,"comment_status":"closed","ping_status":"closed","sticky":false,"template":"","format":"standard","meta":{"footnotes":""},"categories":[26,24],"tags":[],"class_list":["post-6017","post","type-post","status-publish","format-standard","hentry","category-solothun","category-treuhand"],"yoast_head":"<!-- This site is optimized with the Yoast SEO plugin v23.7 - https:\/\/yoast.com\/wordpress\/plugins\/seo\/ -->\n<title>Revision des Familienzulagengesetzes per 1. August 2020 - RHP R\u00fcfenacht Heer Partner<\/title>\n<meta name=\"robots\" content=\"index, follow, max-snippet:-1, max-image-preview:large, max-video-preview:-1\" \/>\n<link rel=\"canonical\" href=\"https:\/\/www.rh-partner.ch\/de\/treuhand\/revision-des-familienzulagengesetzes-per-1-august-2020\/\" \/>\n<meta property=\"og:locale\" content=\"de_DE\" \/>\n<meta property=\"og:type\" content=\"article\" \/>\n<meta property=\"og:title\" content=\"Revision des Familienzulagengesetzes per 1. August 2020 - RHP R\u00fcfenacht Heer Partner\" \/>\n<meta property=\"og:description\" content=\"Das Familienzulagengesetz wird in drei Bereichen ge\u00e4ndert: Die Altersgrenze f\u00fcr den Bezug von Ausbildungszulagen wird gesenkt, arbeitslose M\u00fctter, die eine Mutterschaftsentsch\u00e4digung beziehen, erhalten Anrecht auf Familienzulagen, und es wird eine gesetzliche Grundlage f\u00fcr Finanzhilfen an Familienorganisationen geschaffen. Der Bundesrat hat an seiner Sitzung vom 19. Juni 2020 beschlossen, die neuen Gesetzesbestimmungen und die entsprechenden Verordnungen...\" \/>\n<meta property=\"og:url\" content=\"https:\/\/www.rh-partner.ch\/de\/treuhand\/revision-des-familienzulagengesetzes-per-1-august-2020\/\" \/>\n<meta property=\"og:site_name\" content=\"RHP R\u00fcfenacht Heer Partner\" \/>\n<meta property=\"article:published_time\" content=\"2020-07-17T21:53:09+00:00\" \/>\n<meta property=\"article:modified_time\" content=\"2024-08-09T21:54:09+00:00\" \/>\n<meta name=\"author\" content=\"Mark R\u00fcfenacht\" \/>\n<meta name=\"twitter:card\" content=\"summary_large_image\" \/>\n<meta name=\"twitter:label1\" content=\"Verfasst von\" \/>\n\t<meta name=\"twitter:data1\" content=\"Mark R\u00fcfenacht\" \/>\n\t<meta name=\"twitter:label2\" content=\"Gesch\u00e4tzte Lesezeit\" \/>\n\t<meta name=\"twitter:data2\" content=\"2\u00a0Minuten\" \/>\n<script type=\"application\/ld+json\" class=\"yoast-schema-graph\">{\"@context\":\"https:\/\/schema.org\",\"@graph\":[{\"@type\":\"Article\",\"@id\":\"https:\/\/www.rh-partner.ch\/de\/treuhand\/revision-des-familienzulagengesetzes-per-1-august-2020\/#article\",\"isPartOf\":{\"@id\":\"https:\/\/www.rh-partner.ch\/de\/treuhand\/revision-des-familienzulagengesetzes-per-1-august-2020\/\"},\"author\":{\"name\":\"Mark R\u00fcfenacht\",\"@id\":\"https:\/\/www.rh-partner.ch\/de\/#\/schema\/person\/d3db3cacaedd3be700e935280bd993aa\"},\"headline\":\"Revision des Familienzulagengesetzes per 1. August 2020\",\"datePublished\":\"2020-07-17T21:53:09+00:00\",\"dateModified\":\"2024-08-09T21:54:09+00:00\",\"mainEntityOfPage\":{\"@id\":\"https:\/\/www.rh-partner.ch\/de\/treuhand\/revision-des-familienzulagengesetzes-per-1-august-2020\/\"},\"wordCount\":383,\"publisher\":{\"@id\":\"https:\/\/www.rh-partner.ch\/de\/#organization\"},\"articleSection\":[\"Solothurn\",\"Treuhand\"],\"inLanguage\":\"de\"},{\"@type\":\"WebPage\",\"@id\":\"https:\/\/www.rh-partner.ch\/de\/treuhand\/revision-des-familienzulagengesetzes-per-1-august-2020\/\",\"url\":\"https:\/\/www.rh-partner.ch\/de\/treuhand\/revision-des-familienzulagengesetzes-per-1-august-2020\/\",\"name\":\"Revision des Familienzulagengesetzes per 1. August 2020 - RHP R\u00fcfenacht Heer Partner\",\"isPartOf\":{\"@id\":\"https:\/\/www.rh-partner.ch\/de\/#website\"},\"datePublished\":\"2020-07-17T21:53:09+00:00\",\"dateModified\":\"2024-08-09T21:54:09+00:00\",\"breadcrumb\":{\"@id\":\"https:\/\/www.rh-partner.ch\/de\/treuhand\/revision-des-familienzulagengesetzes-per-1-august-2020\/#breadcrumb\"},\"inLanguage\":\"de\",\"potentialAction\":[{\"@type\":\"ReadAction\",\"target\":[\"https:\/\/www.rh-partner.ch\/de\/treuhand\/revision-des-familienzulagengesetzes-per-1-august-2020\/\"]}]},{\"@type\":\"BreadcrumbList\",\"@id\":\"https:\/\/www.rh-partner.ch\/de\/treuhand\/revision-des-familienzulagengesetzes-per-1-august-2020\/#breadcrumb\",\"itemListElement\":[{\"@type\":\"ListItem\",\"position\":1,\"name\":\"Startseite\",\"item\":\"https:\/\/www.rh-partner.ch\/de\/\"},{\"@type\":\"ListItem\",\"position\":2,\"name\":\"Revision des Familienzulagengesetzes per 1. August 2020\"}]},{\"@type\":\"WebSite\",\"@id\":\"https:\/\/www.rh-partner.ch\/de\/#website\",\"url\":\"https:\/\/www.rh-partner.ch\/de\/\",\"name\":\"RHP R\u00fcfenacht Heer Partner\",\"description\":\"Treuh\u00e4nder und Treuhand in Solothurn | Solothurn Treuhand\",\"publisher\":{\"@id\":\"https:\/\/www.rh-partner.ch\/de\/#organization\"},\"potentialAction\":[{\"@type\":\"SearchAction\",\"target\":{\"@type\":\"EntryPoint\",\"urlTemplate\":\"https:\/\/www.rh-partner.ch\/de\/?s={search_term_string}\"},\"query-input\":{\"@type\":\"PropertyValueSpecification\",\"valueRequired\":true,\"valueName\":\"search_term_string\"}}],\"inLanguage\":\"de\"},{\"@type\":\"Organization\",\"@id\":\"https:\/\/www.rh-partner.ch\/de\/#organization\",\"name\":\"RHP R\u00fcfenacht Heer Partner\",\"url\":\"https:\/\/www.rh-partner.ch\/de\/\",\"logo\":{\"@type\":\"ImageObject\",\"inLanguage\":\"de\",\"@id\":\"https:\/\/www.rh-partner.ch\/de\/#\/schema\/logo\/image\/\",\"url\":\"https:\/\/www.rh-partner.ch\/wp-content\/uploads\/2024\/08\/RHP_logopng-1.png\",\"contentUrl\":\"https:\/\/www.rh-partner.ch\/wp-content\/uploads\/2024\/08\/RHP_logopng-1.png\",\"width\":652,\"height\":204,\"caption\":\"RHP R\u00fcfenacht Heer Partner\"},\"image\":{\"@id\":\"https:\/\/www.rh-partner.ch\/de\/#\/schema\/logo\/image\/\"}},{\"@type\":\"Person\",\"@id\":\"https:\/\/www.rh-partner.ch\/de\/#\/schema\/person\/d3db3cacaedd3be700e935280bd993aa\",\"name\":\"Mark R\u00fcfenacht\",\"url\":\"https:\/\/www.rh-partner.ch\/de\/author\/mark-ruefenachtwadsack-ch\/\"}]}<\/script>\n<!-- \/ Yoast SEO plugin. -->","yoast_head_json":{"title":"Revision des Familienzulagengesetzes per 1. August 2020 - RHP R\u00fcfenacht Heer Partner","robots":{"index":"index","follow":"follow","max-snippet":"max-snippet:-1","max-image-preview":"max-image-preview:large","max-video-preview":"max-video-preview:-1"},"canonical":"https:\/\/www.rh-partner.ch\/de\/treuhand\/revision-des-familienzulagengesetzes-per-1-august-2020\/","og_locale":"de_DE","og_type":"article","og_title":"Revision des Familienzulagengesetzes per 1. August 2020 - RHP R\u00fcfenacht Heer Partner","og_description":"Das Familienzulagengesetz wird in drei Bereichen ge\u00e4ndert: Die Altersgrenze f\u00fcr den Bezug von Ausbildungszulagen wird gesenkt, arbeitslose M\u00fctter, die eine Mutterschaftsentsch\u00e4digung beziehen, erhalten Anrecht auf Familienzulagen, und es wird eine gesetzliche Grundlage f\u00fcr Finanzhilfen an Familienorganisationen geschaffen. Der Bundesrat hat an seiner Sitzung vom 19. Juni 2020 beschlossen, die neuen Gesetzesbestimmungen und die entsprechenden Verordnungen...","og_url":"https:\/\/www.rh-partner.ch\/de\/treuhand\/revision-des-familienzulagengesetzes-per-1-august-2020\/","og_site_name":"RHP R\u00fcfenacht Heer Partner","article_published_time":"2020-07-17T21:53:09+00:00","article_modified_time":"2024-08-09T21:54:09+00:00","author":"Mark R\u00fcfenacht","twitter_card":"summary_large_image","twitter_misc":{"Verfasst von":"Mark R\u00fcfenacht","Gesch\u00e4tzte Lesezeit":"2\u00a0Minuten"},"schema":{"@context":"https:\/\/schema.org","@graph":[{"@type":"Article","@id":"https:\/\/www.rh-partner.ch\/de\/treuhand\/revision-des-familienzulagengesetzes-per-1-august-2020\/#article","isPartOf":{"@id":"https:\/\/www.rh-partner.ch\/de\/treuhand\/revision-des-familienzulagengesetzes-per-1-august-2020\/"},"author":{"name":"Mark R\u00fcfenacht","@id":"https:\/\/www.rh-partner.ch\/de\/#\/schema\/person\/d3db3cacaedd3be700e935280bd993aa"},"headline":"Revision des Familienzulagengesetzes per 1. August 2020","datePublished":"2020-07-17T21:53:09+00:00","dateModified":"2024-08-09T21:54:09+00:00","mainEntityOfPage":{"@id":"https:\/\/www.rh-partner.ch\/de\/treuhand\/revision-des-familienzulagengesetzes-per-1-august-2020\/"},"wordCount":383,"publisher":{"@id":"https:\/\/www.rh-partner.ch\/de\/#organization"},"articleSection":["Solothurn","Treuhand"],"inLanguage":"de"},{"@type":"WebPage","@id":"https:\/\/www.rh-partner.ch\/de\/treuhand\/revision-des-familienzulagengesetzes-per-1-august-2020\/","url":"https:\/\/www.rh-partner.ch\/de\/treuhand\/revision-des-familienzulagengesetzes-per-1-august-2020\/","name":"Revision des Familienzulagengesetzes per 1. August 2020 - RHP R\u00fcfenacht Heer Partner","isPartOf":{"@id":"https:\/\/www.rh-partner.ch\/de\/#website"},"datePublished":"2020-07-17T21:53:09+00:00","dateModified":"2024-08-09T21:54:09+00:00","breadcrumb":{"@id":"https:\/\/www.rh-partner.ch\/de\/treuhand\/revision-des-familienzulagengesetzes-per-1-august-2020\/#breadcrumb"},"inLanguage":"de","potentialAction":[{"@type":"ReadAction","target":["https:\/\/www.rh-partner.ch\/de\/treuhand\/revision-des-familienzulagengesetzes-per-1-august-2020\/"]}]},{"@type":"BreadcrumbList","@id":"https:\/\/www.rh-partner.ch\/de\/treuhand\/revision-des-familienzulagengesetzes-per-1-august-2020\/#breadcrumb","itemListElement":[{"@type":"ListItem","position":1,"name":"Startseite","item":"https:\/\/www.rh-partner.ch\/de\/"},{"@type":"ListItem","position":2,"name":"Revision des Familienzulagengesetzes per 1. August 2020"}]},{"@type":"WebSite","@id":"https:\/\/www.rh-partner.ch\/de\/#website","url":"https:\/\/www.rh-partner.ch\/de\/","name":"RHP R\u00fcfenacht Heer Partner","description":"Treuh\u00e4nder und Treuhand in Solothurn | Solothurn Treuhand","publisher":{"@id":"https:\/\/www.rh-partner.ch\/de\/#organization"},"potentialAction":[{"@type":"SearchAction","target":{"@type":"EntryPoint","urlTemplate":"https:\/\/www.rh-partner.ch\/de\/?s={search_term_string}"},"query-input":{"@type":"PropertyValueSpecification","valueRequired":true,"valueName":"search_term_string"}}],"inLanguage":"de"},{"@type":"Organization","@id":"https:\/\/www.rh-partner.ch\/de\/#organization","name":"RHP R\u00fcfenacht Heer Partner","url":"https:\/\/www.rh-partner.ch\/de\/","logo":{"@type":"ImageObject","inLanguage":"de","@id":"https:\/\/www.rh-partner.ch\/de\/#\/schema\/logo\/image\/","url":"https:\/\/www.rh-partner.ch\/wp-content\/uploads\/2024\/08\/RHP_logopng-1.png","contentUrl":"https:\/\/www.rh-partner.ch\/wp-content\/uploads\/2024\/08\/RHP_logopng-1.png","width":652,"height":204,"caption":"RHP R\u00fcfenacht Heer Partner"},"image":{"@id":"https:\/\/www.rh-partner.ch\/de\/#\/schema\/logo\/image\/"}},{"@type":"Person","@id":"https:\/\/www.rh-partner.ch\/de\/#\/schema\/person\/d3db3cacaedd3be700e935280bd993aa","name":"Mark R\u00fcfenacht","url":"https:\/\/www.rh-partner.ch\/de\/author\/mark-ruefenachtwadsack-ch\/"}]}},"_links":{"self":[{"href":"https:\/\/www.rh-partner.ch\/de\/wp-json\/wp\/v2\/posts\/6017","targetHints":{"allow":["GET"]}}],"collection":[{"href":"https:\/\/www.rh-partner.ch\/de\/wp-json\/wp\/v2\/posts"}],"about":[{"href":"https:\/\/www.rh-partner.ch\/de\/wp-json\/wp\/v2\/types\/post"}],"author":[{"embeddable":true,"href":"https:\/\/www.rh-partner.ch\/de\/wp-json\/wp\/v2\/users\/3"}],"replies":[{"embeddable":true,"href":"https:\/\/www.rh-partner.ch\/de\/wp-json\/wp\/v2\/comments?post=6017"}],"version-history":[{"count":1,"href":"https:\/\/www.rh-partner.ch\/de\/wp-json\/wp\/v2\/posts\/6017\/revisions"}],"predecessor-version":[{"id":6018,"href":"https:\/\/www.rh-partner.ch\/de\/wp-json\/wp\/v2\/posts\/6017\/revisions\/6018"}],"wp:attachment":[{"href":"https:\/\/www.rh-partner.ch\/de\/wp-json\/wp\/v2\/media?parent=6017"}],"wp:term":[{"taxonomy":"category","embeddable":true,"href":"https:\/\/www.rh-partner.ch\/de\/wp-json\/wp\/v2\/categories?post=6017"},{"taxonomy":"post_tag","embeddable":true,"href":"https:\/\/www.rh-partner.ch\/de\/wp-json\/wp\/v2\/tags?post=6017"}],"curies":[{"name":"wp","href":"https:\/\/api.w.org\/{rel}","templated":true}]}}