{"id":7781,"date":"2025-07-18T08:08:04","date_gmt":"2025-07-18T08:08:04","guid":{"rendered":"https:\/\/www.rh-partner.ch\/?p=7781"},"modified":"2025-07-18T08:10:28","modified_gmt":"2025-07-18T08:10:28","slug":"besteuerung-von-kapitalbezuegen","status":"publish","type":"post","link":"https:\/\/www.rh-partner.ch\/de\/treuhand\/besteuerung-von-kapitalbezuegen\/","title":{"rendered":"Besteuerung von Kapitalbez\u00fcgen aus der 2. und 3. S\u00e4ule"},"content":{"rendered":"<p data-start=\"89\" data-end=\"552\">Im Rahmen des Entlastungspakets 27 beabsichtigt der Bundesrat, die Besteuerung von Kapitalleistungen aus der Vorsorge anzupassen. Grunds\u00e4tzlich k\u00f6nnen Vorsorgeleistungen entweder als laufende Rentenzahlungen oder als einmalige Kapitalauszahlung erfolgen. Renten werden gemeinsam mit dem \u00fcbrigen Einkommen besteuert. Kapitalleistungen aus Vorsorge sowie Leistungen bei Todesfall oder bleibender gesundheitlicher Beeintr\u00e4chtigung unterliegen hingegen einer separaten Besteuerung.<\/p>\n<p data-start=\"554\" data-end=\"957\">Bislang erfolgt die Besteuerung (Stufe Bund) von Kapitalleistungen gem\u00e4\u00df Artikel 38 des Bundesgesetzes \u00fcber die direkte Bundessteuer (DBG) zu einem F\u00fcnftel der ordentlichen Tarife nach Artikel 36 DBG, was zu einer maximalen Steuerbelastung von 2,3 Prozent f\u00fchrt. Bei Rentenbezug hingegen kann die Steuerbelastung \u2013 insbesondere bei hohen Vorsorgeleistungen oder zus\u00e4tzlichem Einkommen \u2013 bis zu 11,5 Prozent betragen.<\/p>\n<p data-start=\"959\" data-end=\"1661\">Die separate Besteuerung von Kapitalleistungen soll grunds\u00e4tzlich beibehalten werden. Allerdings ist vorgesehen, den bisherigen Vorsorgetarif durch einen neuen Tarif zu ersetzen. Dieser neue Tarif sieht bis zu einer Kapitalleistung von 100&#8217;000 Franken Steuers\u00e4tze vor, die der aktuellen Regelung f\u00fcr Verheiratete im Jahr 2025 entsprechen. F\u00fcr dar\u00fcber hinausgehende Betr\u00e4ge sind deutlich h\u00f6here Steuers\u00e4tze vorgesehen: ab 100&#8217;000 Franken betr\u00e4gt der Grenzsteuersatz 3 Prozent, ab 250&#8217;000 Franken 5 Prozent und ab 1 Million Franken 7,5 Prozent. Der H\u00f6chstsatz von 11,5 Prozent \u2013 entsprechend dem Maximalsatz der direkten Bundessteuer \u2013 kommt bei Kapitalleistungen \u00fcber 10 Millionen Franken zur Anwendung.<\/p>\n<p data-start=\"1663\" data-end=\"1774\">Neu sollen die Kapitalleistungen von Ehepaaren nicht mehr zusammengelegt, sondern individuell besteuert werden.<\/p>\n<p data-start=\"1663\" data-end=\"1774\">Quelle: <a href=\"https:\/\/www.efd.admin.ch\/de\/entlastungspaket-27\">Entlastungspaket 27 (EP27)<\/a><\/p>\n<p data-start=\"1663\" data-end=\"1774\"><em>F\u00fcr die Aktualit\u00e4t und Vollst\u00e4ndigkeit kann keine Gew\u00e4hr \u00fcbernommen werden. Unsere Experten stehen bei Fragen zur beschriebenen Thematik gerne zur Verf\u00fcgung<\/em><\/p>\n","protected":false},"excerpt":{"rendered":"<p>Im Rahmen des Entlastungspakets 27 beabsichtigt der Bundesrat, die Besteuerung von Kapitalleistungen aus der Vorsorge anzupassen. Grunds\u00e4tzlich k\u00f6nnen Vorsorgeleistungen entweder als laufende Rentenzahlungen oder als einmalige Kapitalauszahlung erfolgen. Renten werden gemeinsam mit dem \u00fcbrigen Einkommen besteuert. Kapitalleistungen aus Vorsorge sowie Leistungen bei Todesfall oder bleibender gesundheitlicher Beeintr\u00e4chtigung unterliegen hingegen einer separaten Besteuerung. Bislang erfolgt die&#8230;<\/p>\n","protected":false},"author":3,"featured_media":0,"comment_status":"closed","ping_status":"closed","sticky":false,"template":"","format":"standard","meta":{"footnotes":""},"categories":[27,24],"tags":[],"class_list":["post-7781","post","type-post","status-publish","format-standard","hentry","category-grenchen","category-treuhand"],"yoast_head":"<!-- This site is optimized with the Yoast SEO plugin v23.7 - https:\/\/yoast.com\/wordpress\/plugins\/seo\/ -->\n<title>Besteuerung von Kapitalbez\u00fcgen aus der 2. und 3. S\u00e4ule - RHP R\u00fcfenacht Heer Partner<\/title>\n<meta name=\"description\" content=\"Die Besteuerung von Kapitalleistungen aus Vorsorge soll im Rahmen des Entlastungspaktes 27 des Bundes angepasst werden.\" \/>\n<meta name=\"robots\" content=\"index, follow, max-snippet:-1, max-image-preview:large, max-video-preview:-1\" \/>\n<link rel=\"canonical\" href=\"https:\/\/www.rh-partner.ch\/de\/treuhand\/besteuerung-von-kapitalbezuegen\/\" \/>\n<meta property=\"og:locale\" content=\"de_DE\" \/>\n<meta property=\"og:type\" content=\"article\" \/>\n<meta property=\"og:title\" content=\"Besteuerung von Kapitalbez\u00fcgen aus der 2. und 3. S\u00e4ule - RHP R\u00fcfenacht Heer Partner\" \/>\n<meta property=\"og:description\" content=\"Die Besteuerung von Kapitalleistungen aus Vorsorge soll im Rahmen des Entlastungspaktes 27 des Bundes angepasst werden.\" \/>\n<meta property=\"og:url\" content=\"https:\/\/www.rh-partner.ch\/de\/treuhand\/besteuerung-von-kapitalbezuegen\/\" \/>\n<meta property=\"og:site_name\" content=\"RHP R\u00fcfenacht Heer Partner\" \/>\n<meta property=\"article:published_time\" content=\"2025-07-18T08:08:04+00:00\" \/>\n<meta property=\"article:modified_time\" content=\"2025-07-18T08:10:28+00:00\" \/>\n<meta name=\"author\" content=\"Mark R\u00fcfenacht\" \/>\n<meta name=\"twitter:card\" content=\"summary_large_image\" \/>\n<meta name=\"twitter:label1\" content=\"Verfasst von\" \/>\n\t<meta name=\"twitter:data1\" content=\"Mark R\u00fcfenacht\" \/>\n\t<meta name=\"twitter:label2\" content=\"Gesch\u00e4tzte Lesezeit\" \/>\n\t<meta name=\"twitter:data2\" content=\"2\u00a0Minuten\" \/>\n<script type=\"application\/ld+json\" class=\"yoast-schema-graph\">{\"@context\":\"https:\/\/schema.org\",\"@graph\":[{\"@type\":\"Article\",\"@id\":\"https:\/\/www.rh-partner.ch\/de\/treuhand\/besteuerung-von-kapitalbezuegen\/#article\",\"isPartOf\":{\"@id\":\"https:\/\/www.rh-partner.ch\/de\/treuhand\/besteuerung-von-kapitalbezuegen\/\"},\"author\":{\"name\":\"Mark R\u00fcfenacht\",\"@id\":\"https:\/\/www.rh-partner.ch\/de\/#\/schema\/person\/d3db3cacaedd3be700e935280bd993aa\"},\"headline\":\"Besteuerung von Kapitalbez\u00fcgen aus der 2. und 3. S\u00e4ule\",\"datePublished\":\"2025-07-18T08:08:04+00:00\",\"dateModified\":\"2025-07-18T08:10:28+00:00\",\"mainEntityOfPage\":{\"@id\":\"https:\/\/www.rh-partner.ch\/de\/treuhand\/besteuerung-von-kapitalbezuegen\/\"},\"wordCount\":252,\"publisher\":{\"@id\":\"https:\/\/www.rh-partner.ch\/de\/#organization\"},\"articleSection\":[\"Grenchen\",\"Treuhand\"],\"inLanguage\":\"de\"},{\"@type\":\"WebPage\",\"@id\":\"https:\/\/www.rh-partner.ch\/de\/treuhand\/besteuerung-von-kapitalbezuegen\/\",\"url\":\"https:\/\/www.rh-partner.ch\/de\/treuhand\/besteuerung-von-kapitalbezuegen\/\",\"name\":\"Besteuerung von Kapitalbez\u00fcgen aus der 2. und 3. S\u00e4ule - RHP R\u00fcfenacht Heer Partner\",\"isPartOf\":{\"@id\":\"https:\/\/www.rh-partner.ch\/de\/#website\"},\"datePublished\":\"2025-07-18T08:08:04+00:00\",\"dateModified\":\"2025-07-18T08:10:28+00:00\",\"description\":\"Die Besteuerung von Kapitalleistungen aus Vorsorge soll im Rahmen des Entlastungspaktes 27 des Bundes angepasst werden.\",\"breadcrumb\":{\"@id\":\"https:\/\/www.rh-partner.ch\/de\/treuhand\/besteuerung-von-kapitalbezuegen\/#breadcrumb\"},\"inLanguage\":\"de\",\"potentialAction\":[{\"@type\":\"ReadAction\",\"target\":[\"https:\/\/www.rh-partner.ch\/de\/treuhand\/besteuerung-von-kapitalbezuegen\/\"]}]},{\"@type\":\"BreadcrumbList\",\"@id\":\"https:\/\/www.rh-partner.ch\/de\/treuhand\/besteuerung-von-kapitalbezuegen\/#breadcrumb\",\"itemListElement\":[{\"@type\":\"ListItem\",\"position\":1,\"name\":\"Startseite\",\"item\":\"https:\/\/www.rh-partner.ch\/de\/\"},{\"@type\":\"ListItem\",\"position\":2,\"name\":\"Besteuerung von Kapitalbez\u00fcgen aus der 2. und 3. S\u00e4ule\"}]},{\"@type\":\"WebSite\",\"@id\":\"https:\/\/www.rh-partner.ch\/de\/#website\",\"url\":\"https:\/\/www.rh-partner.ch\/de\/\",\"name\":\"RHP R\u00fcfenacht Heer Partner\",\"description\":\"Treuh\u00e4nder und Treuhand in Solothurn | Solothurn Treuhand\",\"publisher\":{\"@id\":\"https:\/\/www.rh-partner.ch\/de\/#organization\"},\"potentialAction\":[{\"@type\":\"SearchAction\",\"target\":{\"@type\":\"EntryPoint\",\"urlTemplate\":\"https:\/\/www.rh-partner.ch\/de\/?s={search_term_string}\"},\"query-input\":{\"@type\":\"PropertyValueSpecification\",\"valueRequired\":true,\"valueName\":\"search_term_string\"}}],\"inLanguage\":\"de\"},{\"@type\":\"Organization\",\"@id\":\"https:\/\/www.rh-partner.ch\/de\/#organization\",\"name\":\"RHP R\u00fcfenacht Heer Partner\",\"url\":\"https:\/\/www.rh-partner.ch\/de\/\",\"logo\":{\"@type\":\"ImageObject\",\"inLanguage\":\"de\",\"@id\":\"https:\/\/www.rh-partner.ch\/de\/#\/schema\/logo\/image\/\",\"url\":\"https:\/\/www.rh-partner.ch\/wp-content\/uploads\/2024\/08\/RHP_logopng-1.png\",\"contentUrl\":\"https:\/\/www.rh-partner.ch\/wp-content\/uploads\/2024\/08\/RHP_logopng-1.png\",\"width\":652,\"height\":204,\"caption\":\"RHP R\u00fcfenacht Heer Partner\"},\"image\":{\"@id\":\"https:\/\/www.rh-partner.ch\/de\/#\/schema\/logo\/image\/\"}},{\"@type\":\"Person\",\"@id\":\"https:\/\/www.rh-partner.ch\/de\/#\/schema\/person\/d3db3cacaedd3be700e935280bd993aa\",\"name\":\"Mark R\u00fcfenacht\",\"url\":\"https:\/\/www.rh-partner.ch\/de\/author\/mark-ruefenachtwadsack-ch\/\"}]}<\/script>\n<!-- \/ Yoast SEO plugin. -->","yoast_head_json":{"title":"Besteuerung von Kapitalbez\u00fcgen aus der 2. und 3. S\u00e4ule - RHP R\u00fcfenacht Heer Partner","description":"Die Besteuerung von Kapitalleistungen aus Vorsorge soll im Rahmen des Entlastungspaktes 27 des Bundes angepasst werden.","robots":{"index":"index","follow":"follow","max-snippet":"max-snippet:-1","max-image-preview":"max-image-preview:large","max-video-preview":"max-video-preview:-1"},"canonical":"https:\/\/www.rh-partner.ch\/de\/treuhand\/besteuerung-von-kapitalbezuegen\/","og_locale":"de_DE","og_type":"article","og_title":"Besteuerung von Kapitalbez\u00fcgen aus der 2. und 3. S\u00e4ule - RHP R\u00fcfenacht Heer Partner","og_description":"Die Besteuerung von Kapitalleistungen aus Vorsorge soll im Rahmen des Entlastungspaktes 27 des Bundes angepasst werden.","og_url":"https:\/\/www.rh-partner.ch\/de\/treuhand\/besteuerung-von-kapitalbezuegen\/","og_site_name":"RHP R\u00fcfenacht Heer Partner","article_published_time":"2025-07-18T08:08:04+00:00","article_modified_time":"2025-07-18T08:10:28+00:00","author":"Mark R\u00fcfenacht","twitter_card":"summary_large_image","twitter_misc":{"Verfasst von":"Mark R\u00fcfenacht","Gesch\u00e4tzte Lesezeit":"2\u00a0Minuten"},"schema":{"@context":"https:\/\/schema.org","@graph":[{"@type":"Article","@id":"https:\/\/www.rh-partner.ch\/de\/treuhand\/besteuerung-von-kapitalbezuegen\/#article","isPartOf":{"@id":"https:\/\/www.rh-partner.ch\/de\/treuhand\/besteuerung-von-kapitalbezuegen\/"},"author":{"name":"Mark R\u00fcfenacht","@id":"https:\/\/www.rh-partner.ch\/de\/#\/schema\/person\/d3db3cacaedd3be700e935280bd993aa"},"headline":"Besteuerung von Kapitalbez\u00fcgen aus der 2. und 3. S\u00e4ule","datePublished":"2025-07-18T08:08:04+00:00","dateModified":"2025-07-18T08:10:28+00:00","mainEntityOfPage":{"@id":"https:\/\/www.rh-partner.ch\/de\/treuhand\/besteuerung-von-kapitalbezuegen\/"},"wordCount":252,"publisher":{"@id":"https:\/\/www.rh-partner.ch\/de\/#organization"},"articleSection":["Grenchen","Treuhand"],"inLanguage":"de"},{"@type":"WebPage","@id":"https:\/\/www.rh-partner.ch\/de\/treuhand\/besteuerung-von-kapitalbezuegen\/","url":"https:\/\/www.rh-partner.ch\/de\/treuhand\/besteuerung-von-kapitalbezuegen\/","name":"Besteuerung von Kapitalbez\u00fcgen aus der 2. und 3. S\u00e4ule - RHP R\u00fcfenacht Heer Partner","isPartOf":{"@id":"https:\/\/www.rh-partner.ch\/de\/#website"},"datePublished":"2025-07-18T08:08:04+00:00","dateModified":"2025-07-18T08:10:28+00:00","description":"Die Besteuerung von Kapitalleistungen aus Vorsorge soll im Rahmen des Entlastungspaktes 27 des Bundes angepasst werden.","breadcrumb":{"@id":"https:\/\/www.rh-partner.ch\/de\/treuhand\/besteuerung-von-kapitalbezuegen\/#breadcrumb"},"inLanguage":"de","potentialAction":[{"@type":"ReadAction","target":["https:\/\/www.rh-partner.ch\/de\/treuhand\/besteuerung-von-kapitalbezuegen\/"]}]},{"@type":"BreadcrumbList","@id":"https:\/\/www.rh-partner.ch\/de\/treuhand\/besteuerung-von-kapitalbezuegen\/#breadcrumb","itemListElement":[{"@type":"ListItem","position":1,"name":"Startseite","item":"https:\/\/www.rh-partner.ch\/de\/"},{"@type":"ListItem","position":2,"name":"Besteuerung von Kapitalbez\u00fcgen aus der 2. und 3. S\u00e4ule"}]},{"@type":"WebSite","@id":"https:\/\/www.rh-partner.ch\/de\/#website","url":"https:\/\/www.rh-partner.ch\/de\/","name":"RHP R\u00fcfenacht Heer Partner","description":"Treuh\u00e4nder und Treuhand in Solothurn | Solothurn Treuhand","publisher":{"@id":"https:\/\/www.rh-partner.ch\/de\/#organization"},"potentialAction":[{"@type":"SearchAction","target":{"@type":"EntryPoint","urlTemplate":"https:\/\/www.rh-partner.ch\/de\/?s={search_term_string}"},"query-input":{"@type":"PropertyValueSpecification","valueRequired":true,"valueName":"search_term_string"}}],"inLanguage":"de"},{"@type":"Organization","@id":"https:\/\/www.rh-partner.ch\/de\/#organization","name":"RHP R\u00fcfenacht Heer Partner","url":"https:\/\/www.rh-partner.ch\/de\/","logo":{"@type":"ImageObject","inLanguage":"de","@id":"https:\/\/www.rh-partner.ch\/de\/#\/schema\/logo\/image\/","url":"https:\/\/www.rh-partner.ch\/wp-content\/uploads\/2024\/08\/RHP_logopng-1.png","contentUrl":"https:\/\/www.rh-partner.ch\/wp-content\/uploads\/2024\/08\/RHP_logopng-1.png","width":652,"height":204,"caption":"RHP R\u00fcfenacht Heer Partner"},"image":{"@id":"https:\/\/www.rh-partner.ch\/de\/#\/schema\/logo\/image\/"}},{"@type":"Person","@id":"https:\/\/www.rh-partner.ch\/de\/#\/schema\/person\/d3db3cacaedd3be700e935280bd993aa","name":"Mark R\u00fcfenacht","url":"https:\/\/www.rh-partner.ch\/de\/author\/mark-ruefenachtwadsack-ch\/"}]}},"_links":{"self":[{"href":"https:\/\/www.rh-partner.ch\/de\/wp-json\/wp\/v2\/posts\/7781","targetHints":{"allow":["GET"]}}],"collection":[{"href":"https:\/\/www.rh-partner.ch\/de\/wp-json\/wp\/v2\/posts"}],"about":[{"href":"https:\/\/www.rh-partner.ch\/de\/wp-json\/wp\/v2\/types\/post"}],"author":[{"embeddable":true,"href":"https:\/\/www.rh-partner.ch\/de\/wp-json\/wp\/v2\/users\/3"}],"replies":[{"embeddable":true,"href":"https:\/\/www.rh-partner.ch\/de\/wp-json\/wp\/v2\/comments?post=7781"}],"version-history":[{"count":3,"href":"https:\/\/www.rh-partner.ch\/de\/wp-json\/wp\/v2\/posts\/7781\/revisions"}],"predecessor-version":[{"id":7786,"href":"https:\/\/www.rh-partner.ch\/de\/wp-json\/wp\/v2\/posts\/7781\/revisions\/7786"}],"wp:attachment":[{"href":"https:\/\/www.rh-partner.ch\/de\/wp-json\/wp\/v2\/media?parent=7781"}],"wp:term":[{"taxonomy":"category","embeddable":true,"href":"https:\/\/www.rh-partner.ch\/de\/wp-json\/wp\/v2\/categories?post=7781"},{"taxonomy":"post_tag","embeddable":true,"href":"https:\/\/www.rh-partner.ch\/de\/wp-json\/wp\/v2\/tags?post=7781"}],"curies":[{"name":"wp","href":"https:\/\/api.w.org\/{rel}","templated":true}]}}